{"id":664750,"date":"2025-12-05T10:56:04","date_gmt":"2025-12-05T10:56:04","guid":{"rendered":"https:\/\/microscopemedia.com\/?p=664750"},"modified":"2025-12-05T10:56:04","modified_gmt":"2025-12-05T10:56:04","slug":"norvegia-isi-intareste-apararea-doua-submarine-noi-si-rachete-cu-raza-lunga-pe-agenda-guvernului","status":"publish","type":"post","link":"https:\/\/microscopemedia.com\/?p=664750","title":{"rendered":"Norvegia \u00ee\u0219i \u00eent\u0103re\u0219te ap\u0103rarea: dou\u0103 submarine noi \u0219i rachete cu raz\u0103 lung\u0103 pe agenda Guvernului"},"content":{"rendered":"<div><img decoding=\"async\" src=\"https:\/\/microscopemedia.com\/wp-content\/uploads\/2025\/12\/norvegia-isi-intareste-apararea-doua-submarine-noi-si-rachete-cu-raza-lunga-pe-agenda-guvernului.jpg\" class=\"ff-og-image-inserted\"><\/div>\n<p align=\"justify\" id=\"p-0\">Guvernul norvegian se preg\u0103te\u0219te s\u0103 anun\u021be achizi\u021bia a \u00eenc\u0103 dou\u0103 submarine din Germania, pe l\u00e2ng\u0103 cele patru comandate anterior, a relatat <a href=\"https:\/\/www.reuters.com\/business\/aerospace-defense\/norway-acquire-2-more-submarines-long-range-missiles-local-media-report-2025-12-05\/\" target=\"_blank\" rel=\"noopener\">Reuters<\/a>, cit\u00e2nd presa norvegian\u0103.<\/p>\n<p align=\"justify\" id=\"p-1\">Noua comand\u0103 duce costul total al programului la aproape 100 de miliarde de coroane norvegiene, echivalentul a circa 10 miliarde de dolari. Aceasta reprezint\u0103 o cre\u0219tere semnificativ\u0103 fa\u021b\u0103 de valoarea ini\u021bial\u0103 de 45 de miliarde de coroane, contractat\u0103 \u00een 2021. Costurile au crescut considerabil din cauza pre\u021burilor mai mari la resurse \u0219i la tehnica militar\u0103.<\/p>\n<h2 id=\"chapter-0\">Norvegia: avanpost NATO \u00een Arctica<\/h2>\n<p id=\"p-2\">Statele NATO \u00ee\u0219i majoreaz\u0103 cheltuielile militare, \u00eempinse de presiunile administra\u021biei SUA \u0219i de r\u0103zboiul \u00een curs din Ucraina. \u201e\u021a\u0103rile NATO se afl\u0103 \u00een plin proces de majorare a cheltuielilor pentru ap\u0103rare\u201d, scrie sursa citat\u0103.<\/p>\n<p id=\"p-3\">Norvegia are o misiune strategic\u0103 \u00een Nordul Atlanticului. Ea monitorizeaz\u0103 o zon\u0103 critic\u0103 de aproximativ 2 milioane km\u00b2, folosit\u0103 de flota de submarine nucleare a Rusiei. Noile submarine vor avea rolul de a supraveghea \u00eendeaproape activit\u0103\u021bile flotei ruse cu baz\u0103 pe peninsula Kola, \u00een apropierea grani\u021bei norvegiene.<\/p>\n<h2 align=\"justify\" id=\"chapter-1\">Investi\u021bie \u00een rachete cu raz\u0103 lung\u0103 de ac\u021biune<\/h2>\n<p align=\"justify\" id=\"p-4\">Pe l\u00e2ng\u0103 achizi\u021bia submarinelor, statul nordic vrea s\u0103 cumpere rachete cu raz\u0103 lung\u0103 de ac\u021biune, capabile s\u0103 loveasc\u0103 \u021binte aflate la 500 km distan\u021b\u0103. Programul militar este valuat la 19 miliarde de coroane. Potrivit surselor folosite de Reuters, \u201epredominan\u021ba atacurilor cu rachete\u201d din r\u0103zboiul din Ucraina a ar\u0103tat necesitatea \u00eent\u0103ririi capacit\u0103\u021bii de lovire a statelor occidentale.<\/p>\n<p id=\"p-5\">Lista deciziilor Ministerului Ap\u0103r\u0103rii din Norvegia urmeaz\u0103 s\u0103 fie f\u0103cut\u0103 public\u0103 dup\u0103 \u0219edin\u021ba Consiliului Regal.<\/p>\n<p align=\"justify\" id=\"p-6\">Constitu\u021bional, puterea executiv\u0103 \u00een Norvegia apar\u021bine regelui. \u00cen practic\u0103, aceasta este exercitat\u0103 de guvern prin Consiliul de Stat. Acesta este format din prim-ministru \u0219i mini\u0219trii cabinetului, care adopt\u0103 decizii oficiale \u00een numele monarhului. \u0218edin\u021bele au loc, de regul\u0103, vinerea, la Palatul Regal din Oslo.<\/p>\n<p align=\"justify\" id=\"p-7\">Recent,&nbsp;<a href=\"https:\/\/www.mediafax.ro\/externe\/acord-istoric-marea-britanie-si-norvegia-formeaza-o-alianta-navala-pentru-a-vana-submarinele-rusesti-23652964\">Marea Britanie \u0219i Norvegia<\/a> au semnat un pact de ap\u0103rare pentru a opera o flot\u0103 comun\u0103 \u00een Atlanticul de Nord, cu scopul de a v\u00e2na submarinele ruse\u0219ti.<\/p>\n","protected":false},"excerpt":{"rendered":"<p>Guvernul norvegian se preg\u0103te\u0219te s\u0103 anun\u021be achizi\u021bia a \u00eenc\u0103 dou\u0103 submarine din Germania, pe l\u00e2ng\u0103 cele patru comandate anterior, a relatat Reuters, cit\u00e2nd presa norvegian\u0103. Noua comand\u0103 duce costul total &hellip; <a href=\"https:\/\/microscopemedia.com\/?p=664750\" class=\"more-link\">Read More<\/a><\/p>\n","protected":false},"author":1,"featured_media":664751,"comment_status":"closed","ping_status":"closed","sticky":false,"template":"Default","format":"standard","meta":[],"categories":[1],"tags":[],"_links":{"self":[{"href":"https:\/\/microscopemedia.com\/index.php?rest_route=\/wp\/v2\/posts\/664750"}],"collection":[{"href":"https:\/\/microscopemedia.com\/index.php?rest_route=\/wp\/v2\/posts"}],"about":[{"href":"https:\/\/microscopemedia.com\/index.php?rest_route=\/wp\/v2\/types\/post"}],"author":[{"embeddable":true,"href":"https:\/\/microscopemedia.com\/index.php?rest_route=\/wp\/v2\/users\/1"}],"replies":[{"embeddable":true,"href":"https:\/\/microscopemedia.com\/index.php?rest_route=%2Fwp%2Fv2%2Fcomments&post=664750"}],"version-history":[{"count":0,"href":"https:\/\/microscopemedia.com\/index.php?rest_route=\/wp\/v2\/posts\/664750\/revisions"}],"wp:featuredmedia":[{"embeddable":true,"href":"https:\/\/microscopemedia.com\/index.php?rest_route=\/wp\/v2\/media\/664751"}],"wp:attachment":[{"href":"https:\/\/microscopemedia.com\/index.php?rest_route=%2Fwp%2Fv2%2Fmedia&parent=664750"}],"wp:term":[{"taxonomy":"category","embeddable":true,"href":"https:\/\/microscopemedia.com\/index.php?rest_route=%2Fwp%2Fv2%2Fcategories&post=664750"},{"taxonomy":"post_tag","embeddable":true,"href":"https:\/\/microscopemedia.com\/index.php?rest_route=%2Fwp%2Fv2%2Ftags&post=664750"}],"curies":[{"name":"wp","href":"https:\/\/api.w.org\/{rel}","templated":true}]}}