{"id":664770,"date":"2025-12-05T13:47:04","date_gmt":"2025-12-05T13:47:04","guid":{"rendered":"https:\/\/microscopemedia.com\/?p=664770"},"modified":"2025-12-05T13:47:04","modified_gmt":"2025-12-05T13:47:04","slug":"premierul-ilie-bolojan-despre-principalele-subiecte-abordate-in-vizita-sa-in-austria-investitii-energie-si-comunitatea-romaneasca","status":"publish","type":"post","link":"https:\/\/microscopemedia.com\/?p=664770","title":{"rendered":"Premierul Ilie Bolojan despre principalele subiecte abordate \u00een vizita sa \u00een Austria: investi\u021bii, energie \u0219i comunitatea rom\u00e2neasc\u0103"},"content":{"rendered":"<div><img decoding=\"async\" src=\"https:\/\/microscopemedia.com\/wp-content\/uploads\/2025\/12\/premierul-ilie-bolojan-despre-principalele-subiecte-abordate-in-vizita-sa-in-austria-investitii-energie-si-comunitatea-romaneasca.jpg\" class=\"ff-og-image-inserted\"><\/div>\n<p id=\"p-0\">Premierul Rom\u00e2niei, Ilie Bolojan, a prezentat vineri, \u00een cadrul unui briefing de pres\u0103 sus\u021binut la finalul \u0219edin\u021bei de Guvern, detalii despre vizita oficial\u0103 pe care a avut-o \u00een Ungaria \u0219i Austria.<\/p>\n<p id=\"p-1\">El a explicat care au fost principalele subiecte discutate \u0219i obiectivele urm\u0103rite \u00een aceast\u0103 deplasare.<\/p>\n<p data-start=\"418\" data-end=\"762\" id=\"p-2\">\u201eAm avut o deplasare programat\u0103 de c\u00e2teva luni \u00een Ungaria \u0219i Austria, \u00een care am abordat mai multe probleme. Vizita oficial\u0103 \u00een Austria a avut cinci subiecte mai importante: aspecte de politic\u0103 general\u0103, situa\u021bia din regiune, r\u0103zboiul din Ucraina, componenta de economie \u0219i de investi\u021bii, cre\u0219terea colabor\u0103rii economice\u201d, a declarat Bolojan.<\/p>\n<p data-start=\"764\" data-end=\"1402\" id=\"p-3\">Premierul a vorbit \u0219i despre c\u00e2t de important este s\u0103 existe un sprijin al companiilor rom\u00e2ne\u0219ti \u00een extinderea pe pie\u021bele europene.<\/p>\n<p data-start=\"764\" data-end=\"1402\" id=\"p-4\">\u201eAm apreciat delega\u021bia de companii rom\u00e2ne\u0219ti care au fost prezente \u00een Austria, care au intrat pe pie\u021bele din aceast\u0103 \u021bar\u0103. Atunci c\u00e2nd intri pe o pia\u021b\u0103 matur\u0103, cum sunt pie\u021bele europene, acest proces este unul dificil \u0219i le sunt recunosc\u0103tor tuturor companiilor rom\u00e2ne\u0219ti care se extind \u00een regiune \u0219i devin competitive. Discu\u021bia pe care am avut-o cu colegii de la Ministerul de Externe este s\u0103 trecem la sus\u021binerea explicit\u0103 a acestor companii, a\u0219a cum fac \u0219i alte \u021b\u0103ri, astfel \u00eenc\u00e2t s\u0103 avem campioni regionali cu sediile \u00een Rom\u00e2nia.\u201d, a spus Bolojan.<\/p>\n<p data-start=\"1404\" data-end=\"1936\" id=\"p-5\">Un alt punct central al discu\u021biilor pe care Ilie Bolojan le-a avut a fost comunitatea rom\u00e2neasc\u0103 din Austria.<\/p>\n<p data-start=\"1404\" data-end=\"1936\" id=\"p-6\">\u201eAvem a doua comunitate din aceast\u0103 \u021bar\u0103 \u0219i fiecare rom\u00e2n care lucreaz\u0103 \u00een str\u0103in\u0103tate, care se integreaz\u0103 acolo \u0219i \u00ee\u0219i \u00eentre\u021bine familia, face cinste \u021b\u0103rii noastre. Am discutat despre \u00eembun\u0103t\u0103\u021birea condi\u021biilor de munc\u0103 pentru rom\u00e2nii no\u0219tri, at\u00e2t \u00een construc\u021bii, c\u00e2t \u0219i \u00een alte meserii care solicit\u0103 calific\u0103ri. Vom semna o \u00een\u021belegere pe componenta de educa\u021bie pentru a sus\u021bine cona\u021bionalele \u0219i pentru a prelua bunele practici din sistemul austriac.\u201d, a spus premierul.<\/p>\n<p data-start=\"1938\" data-end=\"2425\" id=\"p-7\">De asemenea, aderarea Rom\u00e2niei la OCDE a fost un alt subiect important pe care premierul l-a abordat \u00een deplasarea.<\/p>\n<p data-start=\"1938\" data-end=\"2425\" id=\"p-8\">\u201eAm discutat despre sus\u021binerea ader\u0103rii Rom\u00e2niei la OCDE. Am parcurs o bun\u0103 parte din comitetele care avizeaz\u0103 aceast\u0103 intrare \u00een organiza\u021bie \u0219i ne propunem ca anul viitor s\u0103 intr\u0103m. \u00cen ianuarie avem un comitet important de afaceri fiscale, unde avem nevoie de sprijinul Austriei \u0219i Ungariei, \u0219i m-am bucurat c\u0103 am primit acest sprijin.\u201d, a spus Bolojan.<\/p>\n<h2 data-start=\"1938\" data-end=\"2425\" id=\"chapter-0\">Investi\u021biile \u00een energie, subiectul principal al discu\u021biilor<\/h2>\n<p id=\"p-9\">\u00cen cadrul \u0219edin\u021bei de vineri, Bolojan a men\u021bionat c\u0103 cel mai important subiect a fost cel al energiei \u0219i interconect\u0103rii regionale.<\/p>\n<p id=\"p-10\">\u201eObiectivul principal al Guvernului este s\u0103 avem o energie sigur\u0103 la un pre\u021b accesibil pentru cet\u0103\u021beni \u0219i companii. Punem \u00een practic\u0103 un pachet de m\u0103suri interne \u0219i externe, pentru cre\u0219terea capacit\u0103\u021bilor de produc\u021bie \u0219i stocare, finan\u021barea centralelor pe gaz \u0219i fotovoltaice, precum \u0219i finalizarea lucr\u0103rilor la hidrocentrale. Totodat\u0103, colabor\u0103m cu Ungaria \u0219i Austria pentru a cre\u0219te capacitatea de interconectare \u0219i a optimiza importul \u0219i exportul de energie.\u201d, a declarat premierul.<\/p>\n<p id=\"p-11\">\u201eAm c\u0103zut de acord cu premierul Viktor Orban s\u0103 preg\u0103tim un memorandum pentru cre\u0219terea capacit\u0103\u021bii de transport a liniilor electrice \u00eentre Rom\u00e2nia \u0219i Ungaria, dubl\u00e2nd capacit\u0103\u021bi existente \u0219i construind re\u021bele noi. De asemenea, avem disponibilitatea Guvernului Austriac pentru a colabora pe rela\u021bia Ungaria-Austria, astfel \u00eenc\u00e2t s\u0103 putem importa \u0219i exporta energie mai eficient, optimiz\u00e2nd pre\u021burile \u0219i valorific\u00e2nd excedentul nostru.\u201d<\/p>\n","protected":false},"excerpt":{"rendered":"<p>Premierul Rom\u00e2niei, Ilie Bolojan, a prezentat vineri, \u00een cadrul unui briefing de pres\u0103 sus\u021binut la finalul \u0219edin\u021bei de Guvern, detalii despre vizita oficial\u0103 pe care a avut-o \u00een Ungaria \u0219i &hellip; <a href=\"https:\/\/microscopemedia.com\/?p=664770\" class=\"more-link\">Read More<\/a><\/p>\n","protected":false},"author":1,"featured_media":664771,"comment_status":"closed","ping_status":"closed","sticky":false,"template":"Default","format":"standard","meta":[],"categories":[1],"tags":[],"_links":{"self":[{"href":"https:\/\/microscopemedia.com\/index.php?rest_route=\/wp\/v2\/posts\/664770"}],"collection":[{"href":"https:\/\/microscopemedia.com\/index.php?rest_route=\/wp\/v2\/posts"}],"about":[{"href":"https:\/\/microscopemedia.com\/index.php?rest_route=\/wp\/v2\/types\/post"}],"author":[{"embeddable":true,"href":"https:\/\/microscopemedia.com\/index.php?rest_route=\/wp\/v2\/users\/1"}],"replies":[{"embeddable":true,"href":"https:\/\/microscopemedia.com\/index.php?rest_route=%2Fwp%2Fv2%2Fcomments&post=664770"}],"version-history":[{"count":0,"href":"https:\/\/microscopemedia.com\/index.php?rest_route=\/wp\/v2\/posts\/664770\/revisions"}],"wp:featuredmedia":[{"embeddable":true,"href":"https:\/\/microscopemedia.com\/index.php?rest_route=\/wp\/v2\/media\/664771"}],"wp:attachment":[{"href":"https:\/\/microscopemedia.com\/index.php?rest_route=%2Fwp%2Fv2%2Fmedia&parent=664770"}],"wp:term":[{"taxonomy":"category","embeddable":true,"href":"https:\/\/microscopemedia.com\/index.php?rest_route=%2Fwp%2Fv2%2Fcategories&post=664770"},{"taxonomy":"post_tag","embeddable":true,"href":"https:\/\/microscopemedia.com\/index.php?rest_route=%2Fwp%2Fv2%2Ftags&post=664770"}],"curies":[{"name":"wp","href":"https:\/\/api.w.org\/{rel}","templated":true}]}}