{"id":664772,"date":"2025-12-05T14:06:04","date_gmt":"2025-12-05T14:06:04","guid":{"rendered":"https:\/\/microscopemedia.com\/?p=664772"},"modified":"2025-12-05T14:06:04","modified_gmt":"2025-12-05T14:06:04","slug":"ilie-bolojan-despre-criza-apei-din-prahova-incepe-realimentarea-treptata-cu-apa-in-judet-in-72-de-ore-apa-e-potabila","status":"publish","type":"post","link":"https:\/\/microscopemedia.com\/?p=664772","title":{"rendered":"Ilie Bolojan despre criza apei din Prahova: \u201e\u00cencepe realimentarea treptat\u0103 cu ap\u0103 \u00een jude\u021b. \u00cen 72 de ore, apa e potabil\u0103\u201d"},"content":{"rendered":"<div><img decoding=\"async\" src=\"https:\/\/microscopemedia.com\/wp-content\/uploads\/2025\/12\/ilie-bolojan-despre-criza-apei-din-prahova-incepe-realimentarea-treptata-cu-apa-in-judet-in-72-de-ore-apa-e-potabila.jpg\" class=\"ff-og-image-inserted\"><\/div>\n<p id=\"p-0\">Situa\u021bia grav\u0103 din Prahova, unde timp de mai multe zile mii de gospod\u0103rii \u0219i numero\u0219i agen\u021bi economici au r\u0103mas f\u0103r\u0103 ap\u0103 curent\u0103, a fost o tem\u0103 important\u0103 a briefing-ului de pres\u0103 sus\u021binut vineri de Ilie Bolojan.<\/p>\n<p id=\"p-1\">Premierul \u021b\u0103rii a prezentat ac\u021biunile imediate ale Guvernului, \u0219i cauzele care au dus la blocajul major \u00een alimentarea cu ap\u0103.<\/p>\n<p data-start=\"437\" data-end=\"808\" id=\"p-2\">Bolojan a explicat c\u0103 problema a fost discutat\u0103 inclusiv \u00een Austria, unde oficialii locali au cerut clarific\u0103ri despre responsabilit\u0103\u021bi \u0219i despre modul \u00een care autorit\u0103\u021bile rom\u00e2ne gestioneaz\u0103 criza.<\/p>\n<p data-start=\"437\" data-end=\"808\" id=\"p-3\">\u00cen acest context, el a explicat c\u0103 prioritatea absolut\u0103 a acestor zile a fost reluarea c\u00e2t mai rapid\u0103 a aliment\u0103rii cu ap\u0103 pentru popula\u021bie \u0219i pentru companiile din zon\u0103.<\/p>\n<p data-start=\"810\" data-end=\"1202\" id=\"p-4\">\u201eAm fost \u00eentrebat \u0219i la Viena ce se \u00eent\u00e2mpl\u0103, cine sunt responsabili, \u00eens\u0103 acum principala noastr\u0103 urgen\u021b\u0103 este s\u0103 facem tot ce se poate pentru a relua c\u00e2t mai repede alimentarea cu ap\u0103 at\u00e2t a locuin\u021belor, c\u00e2t \u0219i a agen\u021bilor economici. \u00cen zon\u0103 sunt companii esen\u021biale pentru sistemul energetic \u0219i pentru industria petrolier\u0103 \u0219i oprirea lor ne poate crea costuri suplimentare\u201d, a spus Bolojan.<\/p>\n<p data-start=\"1204\" data-end=\"1544\" id=\"p-5\">Bolojan a explicat c\u0103 a lucrat \u00een ultimele zile \u00eempreun\u0103 cu to\u021bi factorii de decizie din Prahova, inclusiv Prefectura \u0219i Consiliul Jude\u021bean, operatorii de ap\u0103 \u0219i institu\u021biile responsabile, \u0219i inclusiv Administra\u021bia Na\u021bional\u0103 Apele Rom\u00e2ne, Administra\u021bia Bazinal\u0103 Buz\u0103u Ialomi\u021ba, Compania Exploatare Sistem Zonal Prahova, Hidro Prahova \u0219i Apa Nova.<\/p>\n<p data-start=\"1546\" data-end=\"1884\" id=\"p-6\">Potrivit declara\u021biilor, Comitetul Jude\u021bean pentru Situa\u021bii de Urgen\u021b\u0103 urma s\u0103 fie convocat vineri dup\u0103 amiaz\u0103 pentru aprobarea relu\u0103rii aliment\u0103rii.<\/p>\n<p data-start=\"1546\" data-end=\"1884\" id=\"p-7\">\u201eEste foarte posibil ca din aceast\u0103 sear\u0103 alimentarea cu ap\u0103 s\u0103 \u00eenceap\u0103 s\u0103 fie asigurat\u0103. Nu se va vedea imediat \u00een toate locuin\u021bele, dar va fi repornit\u0103 treptat\u201d, a precizat premierul Bolojan.<\/p>\n<p data-start=\"1886\" data-end=\"2198\" id=\"p-8\">Bolojan a explicat vineri \u0219i motivul \u00eent\u00e2rzierii. De\u0219i operatorul a reu\u0219it s\u0103 primeasc\u0103 ap\u0103 cu o concentra\u021bie redus\u0103 de n\u0103mol \u0219i s\u0103 o trateze, este nevoie de un interval de 72 de ore pentru a garanta potabilitatea.<\/p>\n<p data-start=\"1886\" data-end=\"2198\" id=\"p-9\">Cu toate acestea, Guvernul a decis s\u0103 sus\u021bin\u0103 reconectarea mai rapid\u0103, cu avertisment pentru popula\u021bie.<\/p>\n<p data-start=\"2200\" data-end=\"2673\" id=\"p-10\">\u201eOamenii nu au ap\u0103 de c\u00e2teva zile. De aceea am mandatat reprezentan\u021bii ministerelor s\u0103 sus\u021bin\u0103 reconectarea c\u00e2t mai rapid\u0103, avertiz\u00e2nd c\u0103 nu exist\u0103 garan\u021bia potabilit\u0103\u021bii. Dar faptul c\u0103 oamenii au acces la ap\u0103 pentru sp\u0103lat \u0219i pentru func\u021bionarea instala\u021biilor sanitare este esen\u021bial, iar fiecare zi c\u00e2\u0219tigat\u0103 conteaz\u0103\u201d, a declarat Bolojan. El a precizat c\u0103 alimentarea cu ap\u0103 potabil\u0103 \u00eembuteliat\u0103 va continua \u00een paralel \u00een zonele unde este necesar, prin rezervele de stat.<\/p>\n","protected":false},"excerpt":{"rendered":"<p>Situa\u021bia grav\u0103 din Prahova, unde timp de mai multe zile mii de gospod\u0103rii \u0219i numero\u0219i agen\u021bi economici au r\u0103mas f\u0103r\u0103 ap\u0103 curent\u0103, a fost o tem\u0103 important\u0103 a briefing-ului de &hellip; <a href=\"https:\/\/microscopemedia.com\/?p=664772\" class=\"more-link\">Read More<\/a><\/p>\n","protected":false},"author":1,"featured_media":664773,"comment_status":"closed","ping_status":"closed","sticky":false,"template":"Default","format":"standard","meta":[],"categories":[1],"tags":[],"_links":{"self":[{"href":"https:\/\/microscopemedia.com\/index.php?rest_route=\/wp\/v2\/posts\/664772"}],"collection":[{"href":"https:\/\/microscopemedia.com\/index.php?rest_route=\/wp\/v2\/posts"}],"about":[{"href":"https:\/\/microscopemedia.com\/index.php?rest_route=\/wp\/v2\/types\/post"}],"author":[{"embeddable":true,"href":"https:\/\/microscopemedia.com\/index.php?rest_route=\/wp\/v2\/users\/1"}],"replies":[{"embeddable":true,"href":"https:\/\/microscopemedia.com\/index.php?rest_route=%2Fwp%2Fv2%2Fcomments&post=664772"}],"version-history":[{"count":0,"href":"https:\/\/microscopemedia.com\/index.php?rest_route=\/wp\/v2\/posts\/664772\/revisions"}],"wp:featuredmedia":[{"embeddable":true,"href":"https:\/\/microscopemedia.com\/index.php?rest_route=\/wp\/v2\/media\/664773"}],"wp:attachment":[{"href":"https:\/\/microscopemedia.com\/index.php?rest_route=%2Fwp%2Fv2%2Fmedia&parent=664772"}],"wp:term":[{"taxonomy":"category","embeddable":true,"href":"https:\/\/microscopemedia.com\/index.php?rest_route=%2Fwp%2Fv2%2Fcategories&post=664772"},{"taxonomy":"post_tag","embeddable":true,"href":"https:\/\/microscopemedia.com\/index.php?rest_route=%2Fwp%2Fv2%2Ftags&post=664772"}],"curies":[{"name":"wp","href":"https:\/\/api.w.org\/{rel}","templated":true}]}}