{"id":664776,"date":"2025-12-05T14:26:05","date_gmt":"2025-12-05T14:26:05","guid":{"rendered":"https:\/\/microscopemedia.com\/?p=664776"},"modified":"2025-12-05T14:26:05","modified_gmt":"2025-12-05T14:26:05","slug":"teme-obligatorii-si-teme-facultative-pentru-copii-daniel-david-a-semnat-ordinul-care-reglementeaza-temele-pentru-elevi","status":"publish","type":"post","link":"https:\/\/microscopemedia.com\/?p=664776","title":{"rendered":"Teme obligatorii \u0219i teme facultative pentru copii. Daniel David a semnat ordinul care reglementeaz\u0103 temele pentru elevi"},"content":{"rendered":"<div><img decoding=\"async\" src=\"https:\/\/microscopemedia.com\/wp-content\/uploads\/2025\/12\/teme-obligatorii-si-teme-facultative-pentru-copii-daniel-david-a-semnat-ordinul-care-reglementeaza-temele-pentru-elevi.jpg\" class=\"ff-og-image-inserted\"><\/div>\n<p class=\"pf0\" id=\"p-1\"><span class=\"cf0\">Potrivit ordinului, tema pentru acas\u0103 este necesar s\u0103 fie stabilit\u0103 diferen\u021biat, dup\u0103 cum urmeaz\u0103: tema obligatorie, care are un nivel mediu de dificultate, pentru to\u021bi elevii clasei, \u0219i tema suplimentar\u0103, care este facultativ\u0103, cu caracter general sau individual-diferen\u021biat\u0103, pentru activit\u0103\u021bi de recuperare sau de preg\u0103tire pentru performan\u021b\u0103.<\/span><\/p>\n<p class=\"pf0\" id=\"p-2\"><span class=\"cf0\">La clasa preg\u0103titoare nu se dau&nbsp;teme pentru acas\u0103.<\/span><\/p>\n<p class=\"pf0\" id=\"p-3\"><span class=\"cf0\">Timpul total alocat la <\/span><span class=\"cf1\">\u00eenv<\/span><span class=\"cf2\">\u0103\u021b\u0103m<\/span><span class=\"cf1\">\u00e2ntul primar pentru temele obligatorii va fi de maximum 1 or<\/span><span class=\"cf2\">\u0103, iar pentru toate celelalte niveluri de <\/span><span class=\"cf1\">\u00eenv<\/span><span class=\"cf2\">\u0103\u021b\u0103m<\/span><span class=\"cf1\">\u00e2nt preuniversitar temele obligatorii pentru acas<\/span><span class=\"cf2\">\u0103 nu pot dep\u0103\u0219i 2 ore.<\/span><\/p>\n<p class=\"pf0\" id=\"p-4\"><span class=\"cf2\">Respectarea acestor decizii cade <\/span><span class=\"cf1\">\u00een sarcina directorilor <\/span><span class=\"cf2\">\u0219i dirigin\u021bilor.<\/span><\/p>\n<p class=\"pf0\" id=\"p-5\"><span class=\"cf3\">\u201eTema pentru acas<\/span><span class=\"cf2\">\u0103 pentru o disciplin\u0103, av<\/span><span class=\"cf1\">\u00e2nd drept finalitate realizarea unor lucr<\/span><span class=\"cf2\">\u0103ri mai ample\/de sintez\u0103, poate s\u0103 fie maximum una pe interval de <\/span><span class=\"cf1\">\u00eenv<\/span><span class=\"cf2\">\u0103\u021bare (modul)\u201d, se mai arat\u0103 <\/span><span class=\"cf1\">\u00een ordin.<\/span><\/p>\n<p class=\"pf0\" id=\"p-6\"><span class=\"cf1\">Conform acestuia, \u00een perioada vacan<\/span><span class=\"cf2\">\u021belor, de regul\u0103, nu se vor da teme pentru acas\u0103 pentru elevii din <\/span><span class=\"cf1\">\u00eenv<\/span><span class=\"cf2\">\u0103\u021b\u0103m<\/span><span class=\"cf1\">\u00e2ntul primar <\/span><span class=\"cf2\">\u0219i gimnazial. Acestea pot fi doar de tip suplimentar.<\/span><\/p>\n<p class=\"pf0\" id=\"p-7\"><span class=\"cf2\">La stabilirea temelor trebuie evitat\u0103 oboseala fizic\u0103 \u0219i <\/span><span class=\"cf2\">emo\u021bional\u0103a<\/span><span class=\"cf2\"> elevilor, reducerea timpului liber destinat unor activit\u0103\u021bi recreative sau ad<\/span><span class=\"cf1\">\u00e2ncirea diferen<\/span><span class=\"cf2\">\u021belor dintre elevii performan\u021bi \u0219i cei afla\u021bi <\/span><span class=\"cf1\">\u00een dificultate.<\/span><\/p>\n<p class=\"pf0\" id=\"p-8\"><span class=\"cf1\">De asemenea, ordinul precizeaz<\/span><span class=\"cf2\">\u0103 clar c\u0103 se interzice utilizarea temei ca instrument de pedeaps\u0103.<\/span><\/p>\n<p class=\"pf0\" id=\"p-9\"><span class=\"cf3\">\u201eCred sincer c<\/span><span class=\"cf2\">\u0103 aceast\u0103 reglementare ajut\u0103 at<\/span><span class=\"cf1\">\u00e2t copiii, c\u00e2t <\/span><span class=\"cf2\">\u0219i profesorii s\u0103 beneficieze de un context educa\u021bional nu doar performant, ci \u0219i pl\u0103cut \u0219i s\u0103n\u0103tos, <\/span><span class=\"cf1\">\u00eent<\/span><span class=\"cf2\">\u0103rind <\/span><span class=\"cf1\">\u00eencrederea \u00een <\/span><span class=\"cf2\">\u0219coal\u0103 \u0219i <\/span><span class=\"cf1\">\u00eentre elevi-profesori-p<\/span><span class=\"cf2\">\u0103rin\u021bi. Reglementarea permite flexibiliz\u0103ri ale temelor \u2013&nbsp;obligatorii \u0219i suplimentar-facultative&nbsp;\u2013 <\/span><span class=\"cf1\">\u00een func<\/span><span class=\"cf2\">\u021bie de nevoile copiilor: de la recuperare \u0219i consolidare a competen\u021belor, p<\/span><span class=\"cf1\">\u00e2n<\/span><span class=\"cf2\">\u0103 la performan\u021b\u0103 \u0219i relevan\u021b\u0103 pentru via\u021ba cotidian\u0103\u201d, a declarat Daniel David, ministrul Educa\u021biei.<\/span><\/p>\n","protected":false},"excerpt":{"rendered":"<p>Potrivit ordinului, tema pentru acas\u0103 este necesar s\u0103 fie stabilit\u0103 diferen\u021biat, dup\u0103 cum urmeaz\u0103: tema obligatorie, care are un nivel mediu de dificultate, pentru to\u021bi elevii clasei, \u0219i tema suplimentar\u0103, &hellip; <a href=\"https:\/\/microscopemedia.com\/?p=664776\" class=\"more-link\">Read More<\/a><\/p>\n","protected":false},"author":1,"featured_media":664777,"comment_status":"closed","ping_status":"closed","sticky":false,"template":"Default","format":"standard","meta":[],"categories":[1],"tags":[],"_links":{"self":[{"href":"https:\/\/microscopemedia.com\/index.php?rest_route=\/wp\/v2\/posts\/664776"}],"collection":[{"href":"https:\/\/microscopemedia.com\/index.php?rest_route=\/wp\/v2\/posts"}],"about":[{"href":"https:\/\/microscopemedia.com\/index.php?rest_route=\/wp\/v2\/types\/post"}],"author":[{"embeddable":true,"href":"https:\/\/microscopemedia.com\/index.php?rest_route=\/wp\/v2\/users\/1"}],"replies":[{"embeddable":true,"href":"https:\/\/microscopemedia.com\/index.php?rest_route=%2Fwp%2Fv2%2Fcomments&post=664776"}],"version-history":[{"count":0,"href":"https:\/\/microscopemedia.com\/index.php?rest_route=\/wp\/v2\/posts\/664776\/revisions"}],"wp:featuredmedia":[{"embeddable":true,"href":"https:\/\/microscopemedia.com\/index.php?rest_route=\/wp\/v2\/media\/664777"}],"wp:attachment":[{"href":"https:\/\/microscopemedia.com\/index.php?rest_route=%2Fwp%2Fv2%2Fmedia&parent=664776"}],"wp:term":[{"taxonomy":"category","embeddable":true,"href":"https:\/\/microscopemedia.com\/index.php?rest_route=%2Fwp%2Fv2%2Fcategories&post=664776"},{"taxonomy":"post_tag","embeddable":true,"href":"https:\/\/microscopemedia.com\/index.php?rest_route=%2Fwp%2Fv2%2Ftags&post=664776"}],"curies":[{"name":"wp","href":"https:\/\/api.w.org\/{rel}","templated":true}]}}