{"id":664778,"date":"2025-12-05T14:36:04","date_gmt":"2025-12-05T14:36:04","guid":{"rendered":"https:\/\/microscopemedia.com\/?p=664778"},"modified":"2025-12-05T14:36:04","modified_gmt":"2025-12-05T14:36:04","slug":"ilie-bolojan-despre-stabilitatea-din-guvern-nu-imaginea-conteaza-ci-cum-iti-exerciti-responsabilitatea","status":"publish","type":"post","link":"https:\/\/microscopemedia.com\/?p=664778","title":{"rendered":"Ilie Bolojan despre stabilitatea din Guvern: \u201eNu imaginea conteaz\u0103, ci cum \u00ee\u021bi exerci\u021bi responsabilitatea\u201d"},"content":{"rendered":"<div><img decoding=\"async\" src=\"https:\/\/microscopemedia.com\/wp-content\/uploads\/2025\/12\/ilie-bolojan-despre-stabilitatea-din-guvern-nu-imaginea-conteaza-ci-cum-iti-exerciti-responsabilitatea.jpg\" class=\"ff-og-image-inserted\"><\/div>\n<p id=\"p-0\">Ilie Bolojan a vorbit vineri, \u00een cadrul briefing-ului de pres\u0103 de la Guvern, despre rolul stabilit\u0103\u021bii \u00eentr-un executiv \u0219i despre c\u00e2t de mult afecteaz\u0103 schimb\u0103rile dese de mini\u0219tri proiectele majore ale \u021b\u0103rii.<\/p>\n<p id=\"p-1\">El a declarat c\u0103, dincolo de percep\u021bia public\u0103, ceea ce conteaz\u0103 este modul \u00een care fiecare responsabil din Guvern \u00ee\u0219i face treaba \u0219i reu\u0219e\u0219te s\u0103 livreze rezultate.<\/p>\n<p data-start=\"497\" data-end=\"1034\" id=\"p-2\">Bolojan a explicat c\u0103 func\u021biile din administra\u021bie vin \u00eentotdeauna cu riscuri \u0219i presiuni, iar orice ministru se poate confrunta cu situa\u021bii neprev\u0103zute sau cu gre\u0219eli care pot declan\u0219a crize.<\/p>\n<p data-start=\"497\" data-end=\"1034\" id=\"p-3\">\u201eNu problema imaginii este cea mai important\u0103 \u0219i atunci c\u00e2nd ai o responsabilitate, problema este cum \u021bi-o exerci\u021bi \u0219i care sunt rezultatele. \u00cen mod real, schimb\u0103rile frecvente de mini\u0219tri nu ajut\u0103 la proiecte pe termen lung, la o anumit\u0103 predictibilitate, la rezultate constante \u0219i deci niciodat\u0103 nu am sus\u021binut schimb\u0103ri frecvente\u201d, a spus el.<\/p>\n<p data-start=\"1036\" data-end=\"1414\" id=\"p-4\">Premierul a explicat c\u0103 pozi\u021biile din Guvern nu sunt simple \u0219i c\u0103 orice demnitar se poate confrunta oric\u00e2nd cu situa\u021bii critice. \u201eAtunci c\u00e2nd e\u0219ti pe o anumit\u0103 pozi\u021bie, ai sub scaun \u00eentotdeauna o bomb\u0103 care poate s\u0103 detoneze. Se pot \u00eent\u00e2mpla lucruri din domeniul t\u0103u de responsabilitate, se pot \u00eent\u00e2mpla accidente, po\u021bi s\u0103 faci gre\u0219eli \u0219i apar astfel de situa\u021bii\u201d, a afirmat Bolojan.<\/p>\n<p data-start=\"1416\" data-end=\"1902\" id=\"p-5\">El a mai explicat \u0219i c\u0103 proiectele mari necesit\u0103 timp. Ca exemplu, Bolojan a men\u021bionat procesele complexe prin care trec programe precum PNRR.<\/p>\n<p data-start=\"1416\" data-end=\"1902\" id=\"p-6\">\u201eG\u00e2ndi\u021bi-v\u0103 ce \u00eenseamn\u0103 s\u0103 renegociezi un program de tip PNRR care \u00eenseamn\u0103 30.000 de proiecte, 21 de miliarde de euro, jaloane \u0219i a\u0219a mai departe. Ca s\u0103 faci asta, \u00ee\u021bi trebuie echipe foarte puternice \u0219i \u00ee\u021bi trebuie luni de zile. Trebuie s\u0103 le implementezi, trebuie s\u0103 verifici contracte, nu sunt lucruri foarte simple.\u201d, a spus premierul.<\/p>\n<p data-start=\"1904\" data-end=\"2337\" data-is-last-node data-is-only-node id=\"p-7\">Premierul a precizat \u0219i c\u0103 performan\u021ba mini\u0219trilor trebuie evaluat\u0103 constant \u0219i c\u0103 o analiz\u0103 mai ampl\u0103 ar putea avea loc la \u00eenceputul anului viitor.<\/p>\n<p data-start=\"1904\" data-end=\"2337\" data-is-last-node data-is-only-node id=\"p-8\">\u201eFiecare ministru se valideaz\u0103 \u00een fiecare zi prin ceea ce face \u0219i, da, \u00een mod periodic, pot fi f\u0103cute analize legate de ceea ce facem fiecare dintre noi. Probabil c\u0103 la \u00eenceputul anului viitor se poate face un prim bilan\u021b, cel pu\u021bin dup\u0103 o jum\u0103tate de an\u201d, a spus Ilie Bolojan.<\/p>\n","protected":false},"excerpt":{"rendered":"<p>Ilie Bolojan a vorbit vineri, \u00een cadrul briefing-ului de pres\u0103 de la Guvern, despre rolul stabilit\u0103\u021bii \u00eentr-un executiv \u0219i despre c\u00e2t de mult afecteaz\u0103 schimb\u0103rile dese de mini\u0219tri proiectele majore &hellip; <a href=\"https:\/\/microscopemedia.com\/?p=664778\" class=\"more-link\">Read More<\/a><\/p>\n","protected":false},"author":1,"featured_media":664779,"comment_status":"closed","ping_status":"closed","sticky":false,"template":"Default","format":"standard","meta":[],"categories":[1],"tags":[],"_links":{"self":[{"href":"https:\/\/microscopemedia.com\/index.php?rest_route=\/wp\/v2\/posts\/664778"}],"collection":[{"href":"https:\/\/microscopemedia.com\/index.php?rest_route=\/wp\/v2\/posts"}],"about":[{"href":"https:\/\/microscopemedia.com\/index.php?rest_route=\/wp\/v2\/types\/post"}],"author":[{"embeddable":true,"href":"https:\/\/microscopemedia.com\/index.php?rest_route=\/wp\/v2\/users\/1"}],"replies":[{"embeddable":true,"href":"https:\/\/microscopemedia.com\/index.php?rest_route=%2Fwp%2Fv2%2Fcomments&post=664778"}],"version-history":[{"count":0,"href":"https:\/\/microscopemedia.com\/index.php?rest_route=\/wp\/v2\/posts\/664778\/revisions"}],"wp:featuredmedia":[{"embeddable":true,"href":"https:\/\/microscopemedia.com\/index.php?rest_route=\/wp\/v2\/media\/664779"}],"wp:attachment":[{"href":"https:\/\/microscopemedia.com\/index.php?rest_route=%2Fwp%2Fv2%2Fmedia&parent=664778"}],"wp:term":[{"taxonomy":"category","embeddable":true,"href":"https:\/\/microscopemedia.com\/index.php?rest_route=%2Fwp%2Fv2%2Fcategories&post=664778"},{"taxonomy":"post_tag","embeddable":true,"href":"https:\/\/microscopemedia.com\/index.php?rest_route=%2Fwp%2Fv2%2Ftags&post=664778"}],"curies":[{"name":"wp","href":"https:\/\/api.w.org\/{rel}","templated":true}]}}