{"id":664780,"date":"2025-12-05T14:46:04","date_gmt":"2025-12-05T14:46:04","guid":{"rendered":"https:\/\/microscopemedia.com\/?p=664780"},"modified":"2025-12-05T14:46:04","modified_gmt":"2025-12-05T14:46:04","slug":"ilie-bolojan-despre-decizia-iccj-de-a-sesiza-ccr-pe-legea-pensiilor-sper-ca-acest-proiect-respecta-prevederile-constitutionale","status":"publish","type":"post","link":"https:\/\/microscopemedia.com\/?p=664780","title":{"rendered":"Ilie Bolojan despre decizia \u00ceCCJ de a sesiza CCR pe legea pensiilor: \u201eSper c\u0103 acest proiect respect\u0103 prevederile constitu\u021bionale\u201d"},"content":{"rendered":"<div><img decoding=\"async\" src=\"https:\/\/microscopemedia.com\/wp-content\/uploads\/2025\/12\/ilie-bolojan-despre-decizia-iccj-de-a-sesiza-ccr-pe-legea-pensiilor-sper-ca-acest-proiect-respecta-prevederile-constitutionale.jpg\" class=\"ff-og-image-inserted\"><\/div>\n<p id=\"p-0\">Premierul Ilie Bolojan a comentat vineri, \u00een briefingul de pres\u0103 de la Guvern, dou\u0103 situa\u021bii care au ap\u0103rut \u00een aceea\u0219i zi pe scena politic\u0103. Bolojan a vorbit despre <a href=\"https:\/\/www.mediafax.ro\/politic\/inalta-curte-sesizeaza-din-nou-curtea-constitutionala-pe-legea-privind-pensiile-speciale-23653343\">\u00cenalta Curte de Casa\u021bie \u0219i Justi\u021bie<\/a>, care a sesizat Curtea Constitu\u021bional\u0103 cu privire la noul proiect de lege privind pensiile de serviciu ale magistra\u021bilor \u0219i despre depunerea unei mo\u021biuni de cenzur\u0103 de c\u0103tre opozi\u021bie.<\/p>\n<p id=\"p-1\">El a explicat c\u0103 urm\u0103toarele zile vor ar\u0103ta c\u00e2t de puternic\u0103 este coali\u021bia de guvernare \u0219i dac\u0103 aceasta poate rezista presiunilor politice, inclusiv celor generate de rezultatele alegerilor de duminic\u0103, 7 decembrie.<\/p>\n<p data-start=\"603\" data-end=\"797\" id=\"p-2\">\u00centrebat despre legitimitatea guvernului \u00een cazul \u00een care CCR respinge din nou proiectul privind pensiile magistra\u021bilor, Bolojan a declarat c\u0103 adev\u0103ratul test va fi votul mo\u021biunii de cenzur\u0103.<\/p>\n<p data-start=\"799\" data-end=\"1290\" id=\"p-3\">\u201eSoliditatea coali\u021biei va fi testat\u0103 \u00een momentul \u00een care se va ajunge la un vot pe o mo\u021biune de cenzur\u0103. Atunci vom vedea c\u00e2t este de solid\u0103 coali\u021bia. Eu m\u0103 bazez, a\u0219a cum am spus de fiecare dat\u0103, c\u0103 avem cu to\u021bii o responsabilitate \u0219i c\u0103 stabilitatea politic\u0103 este un element de baz\u0103 care \u021bine de ratingul Rom\u00e2niei, de predictibilitate fiscal\u0103 \u0219i de capacitatea de a pune economia pe baze s\u0103n\u0103toase de anul viitor, \u00een a\u0219a fel \u00eenc\u00e2t s\u0103 putem ie\u0219i din aceast\u0103 situa\u021bie\u201d, a declarat premierul.<\/p>\n<p data-start=\"1292\" data-end=\"1613\" id=\"p-4\">\u00cen ceea ce prive\u0219te decizia \u00ceCCJ de a sesiza CCR cu privire la<a href=\"https:\/\/www.mediafax.ro\/politic\/ccr-va-dezbate-pe-10-decembrie-sesizarea-privitoare-la-legea-pensiilor-speciale-23653493\"> noul proiect de lege privind pensiile<\/a> magistra\u021bilor, Ilie Bolojan a afirmat c\u0103 Guvernul a respectat toate procedurile cerute dup\u0103 prima respingere a proiectului.<\/p>\n<p data-start=\"1292\" data-end=\"1613\" id=\"p-5\">El a reamintit c\u0103, anterior, Curtea Constitu\u021bional\u0103 considerase insuficient termenul de 10 zile pentru avizare, \u00eens\u0103 acum aceast\u0103 problem\u0103 a fost clarificat\u0103.<\/p>\n<p data-start=\"1615\" data-end=\"2176\" id=\"p-6\">\u201eSper c\u0103 acest proiect respect\u0103 prevederile constitu\u021bionale. Dac\u0103 data trecut\u0103, cu un vot de 5 la 4, s-a considerat c\u0103 perioada de a\u0219teptare nu a fost suficient\u0103, acum, \u0219i prin concursul CSM, am respectat acest aspect, chiar dac\u0103 avizul a fost negativ. Aspectele de neconstitu\u021bionalitate pe probleme de proceduri ast\u0103zi nu se mai pun. Sper s\u0103 se ajung\u0103 pe fond \u0219i s\u0103 se constate c\u0103 m\u0103surile propuse de guvern nu doar sunt corecte din punct de vedere social, al echit\u0103\u021bii \u0219i al sustenabilit\u0103\u021bii sistemului de pensii, dar sunt \u0219i constitu\u021bionale\u201d, a spus Bolojan.<\/p>\n<p data-start=\"2178\" data-end=\"2459\" id=\"p-7\">Premierul a evitat s\u0103 comenteze scenariile privind o posibil\u0103 rupere a coali\u021biei \u00een func\u021bie de rezultatele alegerilor.<\/p>\n","protected":false},"excerpt":{"rendered":"<p>Premierul Ilie Bolojan a comentat vineri, \u00een briefingul de pres\u0103 de la Guvern, dou\u0103 situa\u021bii care au ap\u0103rut \u00een aceea\u0219i zi pe scena politic\u0103. Bolojan a vorbit despre \u00cenalta Curte &hellip; <a href=\"https:\/\/microscopemedia.com\/?p=664780\" class=\"more-link\">Read More<\/a><\/p>\n","protected":false},"author":1,"featured_media":664781,"comment_status":"closed","ping_status":"closed","sticky":false,"template":"Default","format":"standard","meta":[],"categories":[1],"tags":[],"_links":{"self":[{"href":"https:\/\/microscopemedia.com\/index.php?rest_route=\/wp\/v2\/posts\/664780"}],"collection":[{"href":"https:\/\/microscopemedia.com\/index.php?rest_route=\/wp\/v2\/posts"}],"about":[{"href":"https:\/\/microscopemedia.com\/index.php?rest_route=\/wp\/v2\/types\/post"}],"author":[{"embeddable":true,"href":"https:\/\/microscopemedia.com\/index.php?rest_route=\/wp\/v2\/users\/1"}],"replies":[{"embeddable":true,"href":"https:\/\/microscopemedia.com\/index.php?rest_route=%2Fwp%2Fv2%2Fcomments&post=664780"}],"version-history":[{"count":0,"href":"https:\/\/microscopemedia.com\/index.php?rest_route=\/wp\/v2\/posts\/664780\/revisions"}],"wp:featuredmedia":[{"embeddable":true,"href":"https:\/\/microscopemedia.com\/index.php?rest_route=\/wp\/v2\/media\/664781"}],"wp:attachment":[{"href":"https:\/\/microscopemedia.com\/index.php?rest_route=%2Fwp%2Fv2%2Fmedia&parent=664780"}],"wp:term":[{"taxonomy":"category","embeddable":true,"href":"https:\/\/microscopemedia.com\/index.php?rest_route=%2Fwp%2Fv2%2Fcategories&post=664780"},{"taxonomy":"post_tag","embeddable":true,"href":"https:\/\/microscopemedia.com\/index.php?rest_route=%2Fwp%2Fv2%2Ftags&post=664780"}],"curies":[{"name":"wp","href":"https:\/\/api.w.org\/{rel}","templated":true}]}}