{"id":664782,"date":"2025-12-05T14:56:05","date_gmt":"2025-12-05T14:56:05","guid":{"rendered":"https:\/\/microscopemedia.com\/?p=664782"},"modified":"2025-12-05T14:56:05","modified_gmt":"2025-12-05T14:56:05","slug":"un-an-nou-un-secol-nou-urari-noi-publicis-groupe-isi-readuce-trecutul-la-viata-prin-ai-si-inovatie-pentru-a-sarbatori-primul-sau-secol-si-a-marca-drumul-catre-urmatorul","status":"publish","type":"post","link":"https:\/\/microscopemedia.com\/?p=664782","title":{"rendered":"Un An Nou. Un Secol Nou. Ur\u0103ri Noi. Publicis Groupe \u00ee\u0219i readuce trecutul la via\u021b\u0103 prin AI \u0219i inova\u021bie, pentru a s\u0103rb\u0103tori primul s\u0103u secol \u0219i a marca drumul c\u0103tre urm\u0103torul."},"content":{"rendered":"<div><img decoding=\"async\" src=\"https:\/\/microscopemedia.com\/wp-content\/uploads\/2025\/12\/un-an-nou-un-secol-nou-urari-noi-publicis-groupe-isi-readuce-trecutul-la-viata-prin-ai-si-inovatie-pentru-a-sarbatori-primul-sau-secol-si-a-marca-drumul-catre-urmatorul.jpg\" class=\"ff-og-image-inserted\"><\/div>\n<p id=\"p-0\">\u0218i pentru a marca \u00eenceputul unui nou secol, cine ar fi mai potrivit s\u0103 le creeze dec\u00e2t Publicis Conseil, agen\u021bia fondat\u0103 de Marcel Bleustein Blanchet?<\/p>\n<p id=\"p-1\">Combin\u00e2nd film\u0103ri live \u0219i actori reali cu cele mai noi tehnologii AI \u0219i folosind platformele \u0219i instrumentele proprii ale Grupului, proiectul spune povestea spiritului de pionierat, a inova\u021biilor continue \u0219i a rezilien\u021bei. Aceasta ne-a ajutat s\u0103 trecem prin r\u0103zboaie, incendii, crize economice, revolu\u021bii tehnologice \u0219i o pandemie global\u0103 \u00een primul nostru secol \u0219i ne permite s\u0103 continu\u0103m s\u0103 conducem \u0219i s\u0103 reinvent\u0103m industria \u00een urm\u0103torul, indiferent de provoc\u0103rile sale.<\/p>\n<p id=\"p-2\">Cite\u015fte comunicatul integral <a href=\"https:\/\/comunicate.mediafax.biz\/Pages\/Public\/Comunicate.aspx?comunicatId=21515\">AICI<\/a><\/p>\n","protected":false},"excerpt":{"rendered":"<p>\u0218i pentru a marca \u00eenceputul unui nou secol, cine ar fi mai potrivit s\u0103 le creeze dec\u00e2t Publicis Conseil, agen\u021bia fondat\u0103 de Marcel Bleustein Blanchet? Combin\u00e2nd film\u0103ri live \u0219i actori &hellip; <a href=\"https:\/\/microscopemedia.com\/?p=664782\" class=\"more-link\">Read More<\/a><\/p>\n","protected":false},"author":1,"featured_media":664783,"comment_status":"closed","ping_status":"closed","sticky":false,"template":"Default","format":"standard","meta":[],"categories":[1],"tags":[],"_links":{"self":[{"href":"https:\/\/microscopemedia.com\/index.php?rest_route=\/wp\/v2\/posts\/664782"}],"collection":[{"href":"https:\/\/microscopemedia.com\/index.php?rest_route=\/wp\/v2\/posts"}],"about":[{"href":"https:\/\/microscopemedia.com\/index.php?rest_route=\/wp\/v2\/types\/post"}],"author":[{"embeddable":true,"href":"https:\/\/microscopemedia.com\/index.php?rest_route=\/wp\/v2\/users\/1"}],"replies":[{"embeddable":true,"href":"https:\/\/microscopemedia.com\/index.php?rest_route=%2Fwp%2Fv2%2Fcomments&post=664782"}],"version-history":[{"count":0,"href":"https:\/\/microscopemedia.com\/index.php?rest_route=\/wp\/v2\/posts\/664782\/revisions"}],"wp:featuredmedia":[{"embeddable":true,"href":"https:\/\/microscopemedia.com\/index.php?rest_route=\/wp\/v2\/media\/664783"}],"wp:attachment":[{"href":"https:\/\/microscopemedia.com\/index.php?rest_route=%2Fwp%2Fv2%2Fmedia&parent=664782"}],"wp:term":[{"taxonomy":"category","embeddable":true,"href":"https:\/\/microscopemedia.com\/index.php?rest_route=%2Fwp%2Fv2%2Fcategories&post=664782"},{"taxonomy":"post_tag","embeddable":true,"href":"https:\/\/microscopemedia.com\/index.php?rest_route=%2Fwp%2Fv2%2Ftags&post=664782"}],"curies":[{"name":"wp","href":"https:\/\/api.w.org\/{rel}","templated":true}]}}