{"id":664784,"date":"2025-12-05T15:06:04","date_gmt":"2025-12-05T15:06:04","guid":{"rendered":"https:\/\/microscopemedia.com\/?p=664784"},"modified":"2025-12-05T15:06:04","modified_gmt":"2025-12-05T15:06:04","slug":"casatorie-fortata-in-familia-cioaba-o-minora-a-adus-pe-lume-un-copil-dupa-o-logodna-controversata-fratele-regelui-cioaba-cercetat-penal","status":"publish","type":"post","link":"https:\/\/microscopemedia.com\/?p=664784","title":{"rendered":"C\u0103s\u0103torie for\u021bat\u0103 \u00een familia Cioab\u0103? \/ O minor\u0103 a adus pe lume un copil dup\u0103 o logodn\u0103 controversat\u0103 \/ Fratele regelui Cioab\u0103, cercetat penal"},"content":{"rendered":"<div><img decoding=\"async\" src=\"https:\/\/microscopemedia.com\/wp-content\/uploads\/2025\/12\/casatorie-fortata-in-familia-cioaba-o-minora-a-adus-pe-lume-un-copil-dupa-o-logodna-controversata-fratele-regelui-cioaba-cercetat-penal.jpg\" class=\"ff-og-image-inserted\"><\/div>\n<p id=\"p-0\">Fratele lui <a href=\"https:\/\/www.mediafax.ro\/politic\/ministrul-sanatatii-l-a-vizitat-pe-regele-romilor-la-palatul-din-sibiu-23599858\">Dorin Cioab\u0103<\/a> (regele interna\u021bional al romilor) \u2013 Daniel Cioab\u0103 \u2013 este cercetat penal dup\u0103 ce \u0219i-ar fi logodit fiul de 16 ani cu o fat\u0103 de 14 ani, relateaz\u0103 turnulsfatului.ro.<\/p>\n<p id=\"p-1\">Procurorii urmeaz\u0103 s\u0103 stabileasc\u0103 acum dac\u0103 p\u0103rin\u021bii celor doi au comis infrac\u021biunea de determinare sau \u00eenlesnire a \u00eentre\u021binerii de acte sexuale \u00eentre minori.<\/p>\n<p id=\"p-2\">Daniel Cioab\u0103 spune c\u0103 adolescen\u021bii s-au cunoscut pe internet \u0219i s-au \u00eendr\u0103gostit. Fata, originar\u0103 din Dr\u0103g\u0103\u0219ani, tr\u0103ie\u0219te mai mult \u00een Anglia. Cei doi s-au logodit anul trecut, \u00een cadrul unei ceremonii fastuoase \u0219i chiar ei insist\u0103 c\u0103 au cerut ca rela\u021bia lor s\u0103 fie oficializat\u0103.<\/p>\n<h2 id=\"chapter-0\">\u201eO rela\u021bie de prietenie\u201d<\/h2>\n<p id=\"p-3\">\u201eAceast\u0103 logodn\u0103 \u021bine acel b\u0103iat sau acea fat\u0103, \u00eei \u021bine bloca\u021bi ca s\u0103 nu cumva s\u0103 vin\u0103 altcineva s\u0103 intre \u0219i s\u0103 fac\u0103 un fel de logodn\u0103. Iar ei pe perioada c\u00e2t aceast\u0103 logodn\u0103, ei tr\u0103iesc o via\u021b\u0103 normal\u0103, de prietenie\u201d, a spus Daniel Cioab\u0103.<\/p>\n<p id=\"p-4\">Dup\u0103 logodn\u0103, fata ar fi plecat \u00eenapoi \u00een Anglia, iar \u00eent\u00e2lnirile dintre cei doi ar fi fost doar ocazionale, \u00eens\u0103, dup\u0103 o vreme, fata a r\u0103mas \u00eens\u0103rcinat\u0103.<\/p>\n<p id=\"p-5\">Familia fetei are, \u00eens\u0103, o alt\u0103 variant\u0103. Aceasta sus\u021bine c\u0103 fata a fost, de fapt, cump\u0103rat\u0103 de familia b\u0103iatului \u0219i obligat\u0103 s\u0103 tr\u0103iasc\u0103 al\u0103turi de el, acuza\u021bii care ar putea s\u0103-l incrimineze pe fratele cel mic al lui Cioab\u0103.<\/p>\n<h2 id=\"chapter-1\">DGASPC Sibiu investigheaz\u0103, de asemenea, cazul<\/h2>\n<p id=\"p-6\">\u00cen aceast\u0103 cauz\u0103 a intervenit \u0219i Direc\u021bia pentru Protec\u021bia Copilului.<\/p>\n<p id=\"p-7\">\u201e\u00cen urma evalu\u0103rii s-a constatat c\u0103 nu exist\u0103 nici o situa\u021bie de risc. \u00cen cursul lunii noiembrie 2025 am fost sesiza\u021bi din nou c\u0103 minora \u00een cauz\u0103 este \u00eens\u0103rcinat\u0103 d\u00e2nd na\u0219tere unui copil, motiv pentru care \u00een prezent la nivelul institu\u021biei se reevalueaz\u0103 situa\u021bia tuturor minorilor\u201d, a declarat Radu Faloba, director adjunct DGASPC Sibiu pentru sursa citat\u0103.<\/p>\n<p id=\"p-8\">Acum, poli\u021bia \u00eencearc\u0103 s\u0103 investigheze dac\u0103 cei doi minori ar fi for\u021bat \u00een vreun fel convie\u021buirea celor doi minori.<\/p>\n<h2 id=\"chapter-2\">Dorin Cioab\u0103: \u201eLogodna e doar o promisiune\u201d<\/h2>\n<p id=\"p-9\">Dorin Cioab\u0103, regele interna\u021bional al romilor, care a militat pentru cre\u0219terea v\u00e2rstei de c\u0103s\u0103torie, spune c\u0103 logodna nu implic\u0103 rela\u021bii intime \u0219i c\u0103 nu e dec\u00e2t o promisiune.<\/p>\n<p id=\"p-10\">\u201eLogodna aceasta, \u00eentr-adev\u0103r, ea se face cu mare fast, pentru c\u0103 trebuie s\u0103 aib\u0103 o siguran\u021b\u0103 familiile \u0219i s\u0103 spun\u0103, domne, uite, a cheltuit foarte mul\u021bi bani la logodn\u0103, \u00eenseamn\u0103 c\u0103 viitorul copiilor este asigurat. Dar \u0219tim foarte bine c\u0103 dac\u0103 te duci la starea civil\u0103 cu copil care are 14-15 ani, nimenea nu vrea s\u0103 \u00ee\u021bi fac\u0103 oficierea c\u0103s\u0103toriei\u201d, spune Dorin Cioab\u0103, fratele mai mic al lui Daniel Cioab\u0103, regele \u021biganilor din Rom\u00e2nia.<\/p>\n<p id=\"p-11\">Cazul este \u00een cercetare penal\u0103.<\/p>\n<p id=\"p-12\">Un proiect de lege aflat \u00een dezbatere \u00een Parlament \u00ee\u0219i propune s\u0103 incrimineze c\u0103s\u0103toria for\u021bat\u0103.<\/p>\n<p id=\"p-13\">Reamintim, num\u0103rul de urgen\u0103 pentru sesizarea abuzurilor asupra minorilor este 119.<\/p>\n","protected":false},"excerpt":{"rendered":"<p>Fratele lui Dorin Cioab\u0103 (regele interna\u021bional al romilor) \u2013 Daniel Cioab\u0103 \u2013 este cercetat penal dup\u0103 ce \u0219i-ar fi logodit fiul de 16 ani cu o fat\u0103 de 14 ani, &hellip; <a href=\"https:\/\/microscopemedia.com\/?p=664784\" class=\"more-link\">Read More<\/a><\/p>\n","protected":false},"author":1,"featured_media":664785,"comment_status":"closed","ping_status":"closed","sticky":false,"template":"Default","format":"standard","meta":[],"categories":[1],"tags":[],"_links":{"self":[{"href":"https:\/\/microscopemedia.com\/index.php?rest_route=\/wp\/v2\/posts\/664784"}],"collection":[{"href":"https:\/\/microscopemedia.com\/index.php?rest_route=\/wp\/v2\/posts"}],"about":[{"href":"https:\/\/microscopemedia.com\/index.php?rest_route=\/wp\/v2\/types\/post"}],"author":[{"embeddable":true,"href":"https:\/\/microscopemedia.com\/index.php?rest_route=\/wp\/v2\/users\/1"}],"replies":[{"embeddable":true,"href":"https:\/\/microscopemedia.com\/index.php?rest_route=%2Fwp%2Fv2%2Fcomments&post=664784"}],"version-history":[{"count":0,"href":"https:\/\/microscopemedia.com\/index.php?rest_route=\/wp\/v2\/posts\/664784\/revisions"}],"wp:featuredmedia":[{"embeddable":true,"href":"https:\/\/microscopemedia.com\/index.php?rest_route=\/wp\/v2\/media\/664785"}],"wp:attachment":[{"href":"https:\/\/microscopemedia.com\/index.php?rest_route=%2Fwp%2Fv2%2Fmedia&parent=664784"}],"wp:term":[{"taxonomy":"category","embeddable":true,"href":"https:\/\/microscopemedia.com\/index.php?rest_route=%2Fwp%2Fv2%2Fcategories&post=664784"},{"taxonomy":"post_tag","embeddable":true,"href":"https:\/\/microscopemedia.com\/index.php?rest_route=%2Fwp%2Fv2%2Ftags&post=664784"}],"curies":[{"name":"wp","href":"https:\/\/api.w.org\/{rel}","templated":true}]}}