{"id":664790,"date":"2025-12-05T15:56:04","date_gmt":"2025-12-05T15:56:04","guid":{"rendered":"https:\/\/microscopemedia.com\/?p=664790"},"modified":"2025-12-05T15:56:04","modified_gmt":"2025-12-05T15:56:04","slug":"un-ong-ucrainean-readuce-acasa-18-copii-din-teritoriile-ocupate-de-rusia","status":"publish","type":"post","link":"https:\/\/microscopemedia.com\/?p=664790","title":{"rendered":"Un ONG ucrainean readuce acas\u0103 18 copii din teritoriile ocupate de Rusia"},"content":{"rendered":"<div><img decoding=\"async\" src=\"https:\/\/microscopemedia.com\/wp-content\/uploads\/2025\/12\/un-ong-ucrainean-readuce-acasa-18-copii-din-teritoriile-ocupate-de-rusia.jpg\" class=\"ff-og-image-inserted\"><\/div>\n<p data-start=\"136\" data-end=\"338\" id=\"p-0\">Un grup de copii ucraineni, cu v\u00e2rste \u00eentre 2 \u0219i 17 ani, a revenit \u00een Ucraina din zonele ocupate de Rusia din sudul regiunii Herson, a declarat vineri guvernatorul regional Oleksandr Prokudin.<\/p>\n<p data-start=\"340\" data-end=\"564\" id=\"p-1\">Organiza\u021bia umanitar\u0103 ucrainean\u0103 Salva\u021bi Ucraina a anun\u021bat pe Facebook joi c\u0103 18 copii au fost readu\u0219i \u00een teritorii aflate sub controlul Ucrainei \u00een ultima s\u0103pt\u0103m\u00e2n\u0103.<\/p>\n<p data-start=\"566\" data-end=\"811\" id=\"p-2\">Oleksandr Tolokonnikov, adjunctul \u0219efului Administra\u021biei Militare a regiunii Herson, a spus pentru <a href=\"https:\/\/kyivindependent.com\/ukraine-hails-return-of-18-children-from-russian-occupied-territories\/\">Kyiv Independent<\/a> c\u0103 aproximativ jum\u0103tate dintre cei 18 copii au fost salva\u021bi din zonele ocupate de Rusia situate pe malul estic al r\u00e2ului Nipro.<\/p>\n<p data-start=\"813\" data-end=\"991\" id=\"p-3\">\u201eFiecare dintre ei a experimentat pe deplin a\u0219a-numita \u00ablume ruseasc\u0103\u00bb. Este un adev\u0103rat miracol c\u0103 ace\u0219ti copii au fost salva\u021bi.\u201d, a spus Prokudin \u00eentr-o postare pe Telegram.<\/p>\n<p data-start=\"1295\" data-end=\"1428\" id=\"p-4\">Organiza\u021bia Salva\u021bi Ucraina a precizat \u00een postarea sa c\u0103 a readus deja peste 1.000 de copii din zonele ocupate, dar \u201emii\u201d a\u0219teapt\u0103 \u00eenc\u0103 ajutor.<\/p>\n<p data-start=\"1430\" data-end=\"1587\" id=\"p-5\">Organiza\u021bia a mai spus c\u0103 cei 18 copii care s-au \u00eentors recent au suferit amenin\u021b\u0103ri, presiuni \u0219i propagand\u0103 de \u201ereeducare\u201d a Moscovei \u00een timpul ocupa\u021biei.<\/p>\n<p data-start=\"136\" data-end=\"338\" id=\"p-6\">Potrivit Salva\u021bi Ucraina, printre copiii salva\u021bi se afl\u0103 Taras, un b\u0103iat de 17 ani, care a fost marcat de propaganda \u0219i preg\u0103tirea militar\u0103 ruseasc\u0103, inclusiv aruncarea de grenade \u0219i exerci\u021bii \u00een tran\u0219ee.<\/p>\n<p data-start=\"136\" data-end=\"338\" id=\"p-7\">De asemenea, Olesia, o fat\u0103 de 13 ani, a avut mama amenin\u021bat\u0103 de autorit\u0103\u021bile ruse s\u0103 fie dus\u0103 \u201e\u00eentr-un subsol\u201d, iar \u201epoli\u021bia militar\u0103\u201d le vizita regulat casa pentru a o obliga s\u0103-\u0219i trimit\u0103 fiica la o \u0219coal\u0103 ruseasc\u0103.<\/p>\n<p data-start=\"136\" data-end=\"338\" id=\"p-8\">Detalii despre cum s-a desf\u0103\u0219urat opera\u021biunea de salvare nu au fost oferite nici de Prokudin, nici de Salva\u021bi Ucraina.<\/p>\n","protected":false},"excerpt":{"rendered":"<p>Un grup de copii ucraineni, cu v\u00e2rste \u00eentre 2 \u0219i 17 ani, a revenit \u00een Ucraina din zonele ocupate de Rusia din sudul regiunii Herson, a declarat vineri guvernatorul regional &hellip; <a href=\"https:\/\/microscopemedia.com\/?p=664790\" class=\"more-link\">Read More<\/a><\/p>\n","protected":false},"author":1,"featured_media":664791,"comment_status":"closed","ping_status":"closed","sticky":false,"template":"Default","format":"standard","meta":[],"categories":[1],"tags":[],"_links":{"self":[{"href":"https:\/\/microscopemedia.com\/index.php?rest_route=\/wp\/v2\/posts\/664790"}],"collection":[{"href":"https:\/\/microscopemedia.com\/index.php?rest_route=\/wp\/v2\/posts"}],"about":[{"href":"https:\/\/microscopemedia.com\/index.php?rest_route=\/wp\/v2\/types\/post"}],"author":[{"embeddable":true,"href":"https:\/\/microscopemedia.com\/index.php?rest_route=\/wp\/v2\/users\/1"}],"replies":[{"embeddable":true,"href":"https:\/\/microscopemedia.com\/index.php?rest_route=%2Fwp%2Fv2%2Fcomments&post=664790"}],"version-history":[{"count":0,"href":"https:\/\/microscopemedia.com\/index.php?rest_route=\/wp\/v2\/posts\/664790\/revisions"}],"wp:featuredmedia":[{"embeddable":true,"href":"https:\/\/microscopemedia.com\/index.php?rest_route=\/wp\/v2\/media\/664791"}],"wp:attachment":[{"href":"https:\/\/microscopemedia.com\/index.php?rest_route=%2Fwp%2Fv2%2Fmedia&parent=664790"}],"wp:term":[{"taxonomy":"category","embeddable":true,"href":"https:\/\/microscopemedia.com\/index.php?rest_route=%2Fwp%2Fv2%2Fcategories&post=664790"},{"taxonomy":"post_tag","embeddable":true,"href":"https:\/\/microscopemedia.com\/index.php?rest_route=%2Fwp%2Fv2%2Ftags&post=664790"}],"curies":[{"name":"wp","href":"https:\/\/api.w.org\/{rel}","templated":true}]}}