{"id":664792,"date":"2025-12-05T16:16:04","date_gmt":"2025-12-05T16:16:04","guid":{"rendered":"https:\/\/microscopemedia.com\/?p=664792"},"modified":"2025-12-05T16:16:04","modified_gmt":"2025-12-05T16:16:04","slug":"se-schiaza-de-sambata-la-transalpina-pe-doua-partii-din-golul-alpin","status":"publish","type":"post","link":"https:\/\/microscopemedia.com\/?p=664792","title":{"rendered":"Se schiaz\u0103 de s\u00e2mb\u0103t\u0103 la Transalpina pe dou\u0103 p\u00e2rtii din golul alpin"},"content":{"rendered":"<div><img decoding=\"async\" src=\"https:\/\/microscopemedia.com\/wp-content\/uploads\/2025\/12\/se-schiaza-de-sambata-la-transalpina-pe-doua-partii-din-golul-alpin.jpg\" class=\"ff-og-image-inserted\"><\/div>\n<p class=\"pf0\" id=\"p-1\"><span class=\"cf2\">Conform acestora, vor fi deschise p<\/span><span class=\"cf1\">\u00e2rtiile din zona golului alpin, <\/span><span class=\"cf2\">\u0219i anume: <\/span><span class=\"cf2\">Teleski<\/span><span class=\"cf2\"> 1, <\/span><span class=\"cf2\">Teleski<\/span><span class=\"cf2\"> 2, precum \u0219i zona alocat\u0103 s\u0103niu\u021belor.<\/span><\/p>\n<p class=\"pf0\" id=\"p-2\"><span class=\"cf2\">Pentru transportul turi\u0219tilor \u0219i al schiorilor vor <\/span><span class=\"cf2\">fun\u021biona<\/span><span class=\"cf2\"> instala\u021biile de tip telegondol\u0103 1 \u0219i telegondol\u0103 2.<\/span><\/p>\n<p class=\"pf0\" id=\"p-3\"><span class=\"cf2\">Acestea vor fi deschise <\/span><span class=\"cf1\">\u00een zilele de s\u00e2mb<\/span><span class=\"cf2\">\u0103t\u0103, duminic\u0103 \u0219i luni, <\/span><span class=\"cf1\">\u00eentre orele 9.00 <\/span><span class=\"cf2\">\u0219i 16.30.<\/span><\/p>\n<p class=\"pf0\" id=\"p-4\"><span class=\"cf1\">\u00cen urm<\/span><span class=\"cf2\">\u0103 cu o s\u0103pt\u0103m<\/span><span class=\"cf1\">\u00e2n<\/span><span class=\"cf2\">\u0103, \u0219i administratorii de la <span><a href=\"https:\/\/www.mediafax.ro\/life-inedit\/start-la-schi-in-romania-sambata-se-deschide-sezonul-in-sibiu-cu-zapada-pastrata-de-iarna-trecuta-23649629\" target=\"_blank\" rel=\"noopener\">P\u0103ltini\u0219 Arena<\/a><\/span>, jude\u021bul Sibiu, au anun\u021bat deschiderea p<\/span><span class=\"cf1\">\u00e2rtiei D.<\/span><\/p>\n","protected":false},"excerpt":{"rendered":"<p>Conform acestora, vor fi deschise p\u00e2rtiile din zona golului alpin, \u0219i anume: Teleski 1, Teleski 2, precum \u0219i zona alocat\u0103 s\u0103niu\u021belor. Pentru transportul turi\u0219tilor \u0219i al schiorilor vor fun\u021biona instala\u021biile &hellip; <a href=\"https:\/\/microscopemedia.com\/?p=664792\" class=\"more-link\">Read More<\/a><\/p>\n","protected":false},"author":1,"featured_media":664793,"comment_status":"closed","ping_status":"closed","sticky":false,"template":"Default","format":"standard","meta":[],"categories":[1],"tags":[],"_links":{"self":[{"href":"https:\/\/microscopemedia.com\/index.php?rest_route=\/wp\/v2\/posts\/664792"}],"collection":[{"href":"https:\/\/microscopemedia.com\/index.php?rest_route=\/wp\/v2\/posts"}],"about":[{"href":"https:\/\/microscopemedia.com\/index.php?rest_route=\/wp\/v2\/types\/post"}],"author":[{"embeddable":true,"href":"https:\/\/microscopemedia.com\/index.php?rest_route=\/wp\/v2\/users\/1"}],"replies":[{"embeddable":true,"href":"https:\/\/microscopemedia.com\/index.php?rest_route=%2Fwp%2Fv2%2Fcomments&post=664792"}],"version-history":[{"count":0,"href":"https:\/\/microscopemedia.com\/index.php?rest_route=\/wp\/v2\/posts\/664792\/revisions"}],"wp:featuredmedia":[{"embeddable":true,"href":"https:\/\/microscopemedia.com\/index.php?rest_route=\/wp\/v2\/media\/664793"}],"wp:attachment":[{"href":"https:\/\/microscopemedia.com\/index.php?rest_route=%2Fwp%2Fv2%2Fmedia&parent=664792"}],"wp:term":[{"taxonomy":"category","embeddable":true,"href":"https:\/\/microscopemedia.com\/index.php?rest_route=%2Fwp%2Fv2%2Fcategories&post=664792"},{"taxonomy":"post_tag","embeddable":true,"href":"https:\/\/microscopemedia.com\/index.php?rest_route=%2Fwp%2Fv2%2Ftags&post=664792"}],"curies":[{"name":"wp","href":"https:\/\/api.w.org\/{rel}","templated":true}]}}