{"id":664794,"date":"2025-12-05T16:36:04","date_gmt":"2025-12-05T16:36:04","guid":{"rendered":"https:\/\/microscopemedia.com\/?p=664794"},"modified":"2025-12-05T16:36:04","modified_gmt":"2025-12-05T16:36:04","slug":"istoric-cum-s-a-votat-in-bucuresti-la-ultimele-alegeri-pentru-primaria-capitalei-si-ce-stim-despre-prezenta","status":"publish","type":"post","link":"https:\/\/microscopemedia.com\/?p=664794","title":{"rendered":"Istoric: cum s-a votat \u00een Bucure\u0219ti la ultimele alegeri pentru Prim\u0103ria Capitalei \u0219i ce \u0219tim despre prezen\u021b\u0103"},"content":{"rendered":"<div><img decoding=\"async\" src=\"https:\/\/microscopemedia.com\/wp-content\/uploads\/2025\/12\/istoric-cum-s-a-votat-in-bucuresti-la-ultimele-alegeri-pentru-primaria-capitalei-si-ce-stim-despre-prezenta.jpg\" class=\"ff-og-image-inserted\"><\/div>\n<p id=\"p-0\">Locuitorii Capitalei sunt a\u0219tepta\u021bi \u2013 pentru a \u0219aptea oar\u0103 \u00een aproximativ un an \u0219i jum\u0103tate \u2013 \u00een sec\u021biile de vot, de data aceasta pentru a vota un nou primar general, dup\u0103 ce c\u00e2\u0219tig\u0103torul de la alegerile din iunie anul trecut, Nicu\u0219or Dan, a fost ales \u0219ef al statului preziden\u021bialele din acest an.<\/p>\n<p id=\"p-1\">Primarul desemnat c\u00e2\u0219tig\u0103tor \u00een urma <a href=\"https:\/\/www.mediafax.ro\/stirile-zilei\/trafic-termoficare-transparenta-iata-ce-cer-bucurestenii-de-la-viitorul-primar-al-capitalei-inainte-de-vot-23653474\">scrutinului de duminic\u0103, 7 decembrie<\/a>, va avea un mandat mai scurt dec\u00e2t ale\u0219ii instala\u021bi \u00een func\u021bie dup\u0103 alegerile din iunie anul trecut, respectiv mai pu\u021bin de trei ani, p\u00e2n\u0103 la termenul din 2028.<\/p>\n<p id=\"p-2\">Din iunie 2024 au fost 8 tipuri de alegeri la care bucure\u0219tenii au putut s\u0103 \u00ee\u0219i exercite dreptul constitu\u021bional:<\/p>\n<ul>\n<li>Locale + europarlamentare (9 iunie 2024)<\/li>\n<li>Preziden\u021biale (turul 1) + referendum local (24 noiembrie 2024)<\/li>\n<li>Parlamentare (1 decembrie 2024)<\/li>\n<li>Preziden\u021biale (tur 2, anulat) \u2013 (8 decembrie 2024)<\/li>\n<li>Preziden\u021biale (turul 1) \u2013 (4 mai)<\/li>\n<li>Preziden\u021biale (turul 2) \u2013 (18 mai)<\/li>\n<\/ul>\n<p id=\"p-3\">Conform celor mai recente <a href=\"https:\/\/www.roaep.ro\/prezentare\/wp-content\/uploads\/2025\/11\/no_aleg_RE_11nov2025_aleg_loc_part.pdf\" target=\"_blank\" rel=\"noopener\">statistici publicate de Autoritatea Electoral\u0103 Permanent\u0103<\/a> (AEP), num\u0103rul de aleg\u0103tori \u00eenscri\u0219i \u00een Registrul electoral la data 11 noiembrie 2025 pentru circumscrip\u0163ia electoral\u0103 nr. 42 a municipiului Bucure\u015fti este de 1.782.163.<\/p>\n<h2 id=\"chapter-0\">Ce \u0219i unde voteaz\u0103 bucure\u0219tenii<\/h2>\n<p id=\"p-4\">Locuitorii cu drept de vot, care au \u00eemplinit 18 ani p\u00e2n\u0103 \u00een ziua alegerilor inclusiv au dreptul de a alege primarul general al municipiului Bucure\u0219ti, numai la sec\u021biile de votare la care sunt aronda\u021bi cu domiciliul sau re\u0219edin\u021ba \u0219i doar pe teritoriul Rom\u00e2niei.<\/p>\n<p id=\"p-5\">Buletinul de vot pe care \u00eel vor primi bucure\u0219tenii duminic\u0103, 7 decembrie, include <a href=\"https:\/\/www.mediafax.ro\/politic\/perlele-candidatilor-la-primaria-capitalei-de-la-parcari-pentru-tot-poporul-la-pisicute-pentru-toata-lumea-23653199\">17 candida\u021bi<\/a> din care s\u0103 \u00ee\u0219i aleag\u0103 preferatul pentru a ocupa func\u021bia de primar general. Validarea \u0219i ordinea de pe buletine au fost finalizate \u00eenainte de retragerea anun\u021bat\u0103 de doi dintre ei, respectiv independen\u021bii Vlad Gheorghe \u0219i Orlando Teordorovici.<\/p>\n<p id=\"p-6\">Votarea se desf\u0103\u0219oar\u0103 duminic\u0103, 7 decembrie 2025, \u00eentre orele 7:00 \u2013 21:00.<\/p>\n<p id=\"p-7\">Pentru aleg\u0103torii care nu se pot deplasa la sediul sec\u021biei de votare din cauz\u0103 de boal\u0103 sau invaliditate, pre\u0219edintele biroului electoral al sec\u021biei de votare poate aproba, la cererea scris\u0103 a acestora, \u00eenso\u021bit\u0103 de copii ale actelor din care rezult\u0103 starea de s\u0103n\u0103tate sau de invaliditate, ca o echip\u0103 format\u0103 din cel pu\u021bin 2 membri ai biroului electoral s\u0103 se deplaseze cu o urn\u0103 special\u0103 \u0219i cu materialul necesar vot\u0103rii \u2013 \u0219tampil\u0103 cu men\u021biunea \u201eVOTAT\u201d \u0219i buletine de vot \u2013 la locul unde se afl\u0103 aleg\u0103torul, pentru a se efectua votarea.<\/p>\n<h2 id=\"chapter-1\">Galeria primarilor generali ai Rom\u00e2niei de dup\u0103 Revolu\u021bie<\/h2>\n<p id=\"p-8\">Duminic\u0103 are loc al treilea tur de scrutin par\u021bial din Capital\u0103, din 1992 \u00een prezent. Cei doi primari care au c\u00e2\u0219tigat mandatele \u00een urma alegerilor par\u021biale au fost Viorel Lis, \u00een 1998, \u0219i Adriean Videanu, \u00een 2005.<\/p>\n<p id=\"p-9\"><strong>Primari generali ale\u0219i \u0219i interimari din 1992 \u00een prezent:<\/strong><\/p>\n<p id=\"p-10\">1992: Crin Halaicu (CDR)<\/p>\n<p id=\"p-11\">1996: Victor Ciorbea (CDR) \u2013 (iunie \u2013 decembrie 1996 \u2013 numit premier)<\/p>\n<ul>\n<li>Interimar: Viorel Lis \u2013 ianuarie 1997 \u2014 noiembrie 1998<\/li>\n<\/ul>\n<p id=\"p-12\">1998: Viorel Lis (PN\u021aCD) \u2013 alegeri par\u021biale<\/p>\n<p id=\"p-13\">2000: Traian B\u0103sescu (PD)<\/p>\n<p id=\"p-14\">2004: Traian B\u0103sescu (Alian\u021ba Dreptate \u0219i Adev\u0103r PNL-PD) (iunie \u2014 decembrie 2004, &nbsp;ales pre\u0219edinte)<\/p>\n<ul>\n<li>Interimar: R\u0103zvan Murgeanu (decembrie 2004 \u2013 aprilie 2005)<\/li>\n<\/ul>\n<p id=\"p-15\">2005: Adriean Videanu (Alian\u021ba Dreptate \u0219i Adev\u0103r PNL-PD) \u2013 alegeri par\u021biale<\/p>\n<p id=\"p-16\">2008: Sorin Oprescu (PSD\/Independent)<\/p>\n<p id=\"p-17\">2012: Sorin Oprescu (PSD\/Independent) (2012\u2014 septembrie 2015)<\/p>\n<ul>\n<li>Interimari:<\/li>\n<\/ul>\n<p id=\"p-18\">\u0218tef\u0103nel Dan Marin (septembrie 2025\u2013 noiembrie 2015)<\/p>\n<p id=\"p-19\">Ioan-R\u0103zvan Sava (noiembrie 2015 \u2013 iunie 2016)<\/p>\n<p id=\"p-20\">2016: Gabriela Firea (PSD)<\/p>\n<p id=\"p-21\">2020: Nicu\u0219or Dan (Independent)<\/p>\n<p id=\"p-22\">2024: Nicu\u0219or Dan (Independent) (2024 \u2013 mai 2025, ales pre\u0219edinte)<\/p>\n<ul>\n<li>Interimar: Stelian Bujduveanu (mai 2025 \u2013 prezent)<\/li>\n<\/ul>\n<p id=\"p-23\">Cele mai \u201estr\u00e2se\u201d rezultate \u0219i cea mai mare prezen\u021b\u0103 la vot<\/p>\n<p id=\"p-24\"><strong>Primii doi clasa\u021bi la alegerile locale \u00een ultimul sfert de secol:<\/strong><\/p>\n<ul>\n<li>Alegeri 2000:<\/li>\n<\/ul>\n<p id=\"p-25\">Traian B\u0103sescu: 51,62%<\/p>\n<p id=\"p-26\">Sorin Oprescu: 50,22%<\/p>\n<ul>\n<li>Alegeri 2004<\/li>\n<\/ul>\n<p id=\"p-27\">Traian B\u0103sescu: 51,23%<\/p>\n<p id=\"p-28\">Adrian N\u0103stase: 48,77%<\/p>\n<ul>\n<li>Alegeri 2008<\/li>\n<\/ul>\n<p id=\"p-29\">Sorin Oprescu: 56,55%<\/p>\n<p id=\"p-30\">Vasile Blaga: 43,44%<\/p>\n<ul>\n<li>Alegerile 2012:<\/li>\n<\/ul>\n<p id=\"p-31\">Sorin Oprescu: 54,79%<\/p>\n<p id=\"p-32\">Silviu Prigoan\u0103: 17,12%<\/p>\n<ul>\n<li>Alegeri 2016:<\/li>\n<\/ul>\n<p id=\"p-33\">Gabriela Firea: 42,97%<\/p>\n<p id=\"p-34\">Nicu\u0219or Dan: 30,52%<\/p>\n<ul>\n<li>Alegeri 2020<\/li>\n<\/ul>\n<p id=\"p-35\">Nicu\u0219or Dan: 42,81%<\/p>\n<p id=\"p-36\">Gabriela Firea: 37,97%<\/p>\n<ul>\n<li>Alegeri 2024<\/li>\n<\/ul>\n<p id=\"p-37\">Nicu\u0219or Dan: 47,94%<\/p>\n<p id=\"p-38\">Gabriela Firea: 22,17%<\/p>\n<p id=\"p-39\">Prezen\u021ba la vot la alegerile locale la termen, conform statisticilor electorale, a fost \u00een sc\u0103dere cu 15% din 1992 p\u00e2n\u0103 \u00een 2024:<\/p>\n<ul>\n<li>2024 \u2013 49,55%<\/li>\n<li>2020 \u2013 45,57%<\/li>\n<li>2016 \u2013 48,14%<\/li>\n<li>2012 \u2013 56,26% (din 2012 se voteaz\u0103 \u00eentr-un singur tur la locale)<\/li>\n<li>2008 \u2013 48,84% (primul tur); 48,36% (turul 2)<\/li>\n<li>2004 \u2013 54,26% (primul tur); 50,25% (turul 2)<\/li>\n<li>2000 \u2013 50,86% (primul tur); 46,97% (turul 2)<\/li>\n<li>1996 \u2013 58,73% (primul tur); 52,95% (turul 2)<\/li>\n<li>1992 \u2013 65% (primul tur) \u2013 Prezen\u021b\u0103 \u2013 record postdecembrist\u0103, 50% (turul 2)<\/li>\n<\/ul>\n<p id=\"p-40\">\u00cen ceea ce prive\u0219te Capitala, prezen\u021ba a fost mai redus\u0103 dec\u00e2t media na\u021bional\u0103. Prezen\u021ba la ultimele trei scrutine locale a fost de:<\/p>\n<ul>\n<li>2024 \u2013 41,19%<\/li>\n<li>2020 \u2013 36,72%<\/li>\n<li>2016 \u2013 33,23%<\/li>\n<\/ul>\n<p id=\"p-41\">(Sursa: AEP\/Rezultate vot)<\/p>\n","protected":false},"excerpt":{"rendered":"<p>Locuitorii Capitalei sunt a\u0219tepta\u021bi \u2013 pentru a \u0219aptea oar\u0103 \u00een aproximativ un an \u0219i jum\u0103tate \u2013 \u00een sec\u021biile de vot, de data aceasta pentru a vota un nou primar general, &hellip; <a href=\"https:\/\/microscopemedia.com\/?p=664794\" class=\"more-link\">Read More<\/a><\/p>\n","protected":false},"author":1,"featured_media":664795,"comment_status":"closed","ping_status":"closed","sticky":false,"template":"Default","format":"standard","meta":[],"categories":[1],"tags":[],"_links":{"self":[{"href":"https:\/\/microscopemedia.com\/index.php?rest_route=\/wp\/v2\/posts\/664794"}],"collection":[{"href":"https:\/\/microscopemedia.com\/index.php?rest_route=\/wp\/v2\/posts"}],"about":[{"href":"https:\/\/microscopemedia.com\/index.php?rest_route=\/wp\/v2\/types\/post"}],"author":[{"embeddable":true,"href":"https:\/\/microscopemedia.com\/index.php?rest_route=\/wp\/v2\/users\/1"}],"replies":[{"embeddable":true,"href":"https:\/\/microscopemedia.com\/index.php?rest_route=%2Fwp%2Fv2%2Fcomments&post=664794"}],"version-history":[{"count":0,"href":"https:\/\/microscopemedia.com\/index.php?rest_route=\/wp\/v2\/posts\/664794\/revisions"}],"wp:featuredmedia":[{"embeddable":true,"href":"https:\/\/microscopemedia.com\/index.php?rest_route=\/wp\/v2\/media\/664795"}],"wp:attachment":[{"href":"https:\/\/microscopemedia.com\/index.php?rest_route=%2Fwp%2Fv2%2Fmedia&parent=664794"}],"wp:term":[{"taxonomy":"category","embeddable":true,"href":"https:\/\/microscopemedia.com\/index.php?rest_route=%2Fwp%2Fv2%2Fcategories&post=664794"},{"taxonomy":"post_tag","embeddable":true,"href":"https:\/\/microscopemedia.com\/index.php?rest_route=%2Fwp%2Fv2%2Ftags&post=664794"}],"curies":[{"name":"wp","href":"https:\/\/api.w.org\/{rel}","templated":true}]}}