{"id":664798,"date":"2025-12-05T16:56:04","date_gmt":"2025-12-05T16:56:04","guid":{"rendered":"https:\/\/microscopemedia.com\/?p=664798"},"modified":"2025-12-05T16:56:04","modified_gmt":"2025-12-05T16:56:04","slug":"alex-chipciu-si-a-prelungit-contractul-cu-u-cluj","status":"publish","type":"post","link":"https:\/\/microscopemedia.com\/?p=664798","title":{"rendered":"Alex Chipciu \u0219i-a prelungit contractul cu U Cluj"},"content":{"rendered":"<div><img decoding=\"async\" src=\"https:\/\/microscopemedia.com\/wp-content\/uploads\/2025\/12\/alex-chipciu-si-a-prelungit-contractul-cu-u-cluj.jpg\" class=\"ff-og-image-inserted\"><\/div>\n<p class=\"pf0\" id=\"p-1\"><span class=\"cf3\">\u201eFC Universitatea Cluj a ajuns la o <\/span><span class=\"cf1\">\u00een<\/span><span class=\"cf2\">\u021belegere cu Alexandru Chipciu (36 de ani) pentru ca interna\u021bionalul rom<\/span><span class=\"cf1\">\u00e2n s<\/span><span class=\"cf2\">\u0103 <\/span><span class=\"cf1\">\u00ee<\/span><span class=\"cf2\">\u0219i continue aventura <\/span><span class=\"cf1\">\u00een alb <\/span><span class=\"cf2\">\u0219i negru, <\/span><span class=\"cf1\">\u00eenceput<\/span><span class=\"cf2\">\u0103 <\/span><span class=\"cf1\">\u00een vara anului 2022\u201d, a transmis clubul.<\/span><\/p>\n<p class=\"pf0\" id=\"p-2\"><span class=\"cf1\">\u00cen primul an petrecut la <\/span><span class=\"cf3\">\u201eU\u201d, soldat cu salvarea de la retrogradare <\/span><span class=\"cf2\">\u0219i finala de Cupa Rom<\/span><span class=\"cf1\">\u00e2niei, interna<\/span><span class=\"cf2\">\u021bionalul rom<\/span><span class=\"cf1\">\u00e2n a marcat de dou<\/span><span class=\"cf2\">\u0103 ori \u0219i a livrat dou\u0103 pase decisive.<\/span><\/p>\n<p class=\"pf0\" id=\"p-3\"><span class=\"cf2\">Devenit <\/span><span class=\"cf1\">\u00eentre timp c<\/span><span class=\"cf2\">\u0103pitan, Chipciu a fost \u0219i mai prezent <\/span><span class=\"cf1\">\u00een atac \u00een urm<\/span><span class=\"cf2\">\u0103torul sezon, <\/span><span class=\"cf1\">\u00een care a \u00eenscris <\/span><span class=\"cf2\">\u0219ase goluri \u0219i a contribuit cu patru pase decisive.<\/span><\/p>\n<p class=\"pf0\" id=\"p-4\"><span class=\"cf1\">\u00cen stagiunea urm<\/span><span class=\"cf2\">\u0103toare, Chipciu a fost integralist <\/span><span class=\"cf1\">\u00een 36 de meciuri de campionat, iar <\/span><span class=\"cf3\">\u201eU\u201d a reu<\/span><span class=\"cf2\">\u0219it s\u0103 accead\u0103 <\/span><span class=\"cf1\">\u00eentre primele <\/span><span class=\"cf2\">\u0219ase echipe \u0219i s\u0103 revin\u0103 <\/span><span class=\"cf1\">\u00eentr-o cup<\/span><span class=\"cf2\">\u0103 european\u0103 la 53 de ani de la ultima calificare. Evolu\u021biile i-au adus lui Chipciu revenirea la Echipa Na\u021bional\u0103 a Rom<\/span><span class=\"cf1\">\u00e2niei, \u00een septembrie 2024, dup<\/span><span class=\"cf2\">\u0103 cinci ani de absen\u021b\u0103. Mai mult, dup\u0103 partida cu Austria din luna octombrie a acestui an, funda\u0219ul lui \u201dU\u201d a devenit primul <\/span><span class=\"cf3\">\u201estudent\u201d integralist <\/span><span class=\"cf1\">\u00eentr-o partid<\/span><span class=\"cf2\">\u0103 oficial\u0103 a Rom<\/span><span class=\"cf1\">\u00e2niei dup<\/span><span class=\"cf2\">\u0103 mai bine de cinci decenii.<\/span><\/p>\n<p class=\"pf0\" id=\"p-5\"><span class=\"cf2\">P<\/span><span class=\"cf1\">\u00e2n<\/span><span class=\"cf2\">\u0103 <\/span><span class=\"cf1\">\u00een prezent, Alex Chipciu a adunat 136 de meciuri \u00een tricoul Universit<\/span><span class=\"cf2\">\u0103\u021bii, a marcat opt goluri, a mai contribuit cu opt assist-uri \u0219i a fost unul dintre artizanii celui mai performant sezon al <\/span><span class=\"cf3\">\u201e<\/span><span class=\"cf2\">\u0218epcilor ro\u0219ii\u201d din acest secol, spun reprezentan\u021bii clubului.<\/span><\/p>\n","protected":false},"excerpt":{"rendered":"<p>\u201eFC Universitatea Cluj a ajuns la o \u00een\u021belegere cu Alexandru Chipciu (36 de ani) pentru ca interna\u021bionalul rom\u00e2n s\u0103 \u00ee\u0219i continue aventura \u00een alb \u0219i negru, \u00eenceput\u0103 \u00een vara anului &hellip; <a href=\"https:\/\/microscopemedia.com\/?p=664798\" class=\"more-link\">Read More<\/a><\/p>\n","protected":false},"author":1,"featured_media":664799,"comment_status":"closed","ping_status":"closed","sticky":false,"template":"Default","format":"standard","meta":[],"categories":[1],"tags":[],"_links":{"self":[{"href":"https:\/\/microscopemedia.com\/index.php?rest_route=\/wp\/v2\/posts\/664798"}],"collection":[{"href":"https:\/\/microscopemedia.com\/index.php?rest_route=\/wp\/v2\/posts"}],"about":[{"href":"https:\/\/microscopemedia.com\/index.php?rest_route=\/wp\/v2\/types\/post"}],"author":[{"embeddable":true,"href":"https:\/\/microscopemedia.com\/index.php?rest_route=\/wp\/v2\/users\/1"}],"replies":[{"embeddable":true,"href":"https:\/\/microscopemedia.com\/index.php?rest_route=%2Fwp%2Fv2%2Fcomments&post=664798"}],"version-history":[{"count":0,"href":"https:\/\/microscopemedia.com\/index.php?rest_route=\/wp\/v2\/posts\/664798\/revisions"}],"wp:featuredmedia":[{"embeddable":true,"href":"https:\/\/microscopemedia.com\/index.php?rest_route=\/wp\/v2\/media\/664799"}],"wp:attachment":[{"href":"https:\/\/microscopemedia.com\/index.php?rest_route=%2Fwp%2Fv2%2Fmedia&parent=664798"}],"wp:term":[{"taxonomy":"category","embeddable":true,"href":"https:\/\/microscopemedia.com\/index.php?rest_route=%2Fwp%2Fv2%2Fcategories&post=664798"},{"taxonomy":"post_tag","embeddable":true,"href":"https:\/\/microscopemedia.com\/index.php?rest_route=%2Fwp%2Fv2%2Ftags&post=664798"}],"curies":[{"name":"wp","href":"https:\/\/api.w.org\/{rel}","templated":true}]}}