{"id":664917,"date":"2025-12-06T11:57:03","date_gmt":"2025-12-06T11:57:03","guid":{"rendered":"https:\/\/microscopemedia.com\/?p=664917"},"modified":"2025-12-06T11:57:03","modified_gmt":"2025-12-06T11:57:03","slug":"armistitiul-din-gaza-este-intr-un-moment-critic-spune-premierul-din-qatar","status":"publish","type":"post","link":"https:\/\/microscopemedia.com\/?p=664917","title":{"rendered":"Armisti\u021biul din Gaza este \u00eentr-un moment critic, spune premierul din Qatar"},"content":{"rendered":"<div><img decoding=\"async\" src=\"https:\/\/microscopemedia.com\/wp-content\/uploads\/2025\/12\/armistitiul-din-gaza-este-intr-un-moment-critic-spune-premierul-din-qatar.jpg\" class=\"ff-og-image-inserted\"><\/div>\n<p class=\"pf0\" id=\"p-1\"><span class=\"cf2\">\u0218eicul Mohammed bin Abdulrahman Al Thani a declarat <\/span><span class=\"cf1\">\u00eentr<\/span><span class=\"cf1\">-o conferin<\/span><span class=\"cf2\">\u021b\u0103 interna\u021bional\u0103 <\/span><span class=\"cf1\">\u00een capitala Qatarului c<\/span><span class=\"cf2\">\u0103 mediatorii interna\u021bionali, condu\u0219i de SUA, lucreaz\u0103 <\/span><span class=\"cf3\">\u201epentru a for<\/span><span class=\"cf2\">\u021ba calea\u201d c\u0103tre a doua faz\u0103 a acordului.<\/span><\/p>\n<p class=\"pf0\" id=\"p-2\"><span class=\"cf3\">\u201eUn armisti<\/span><span class=\"cf2\">\u021biu nu poate fi finalizat dec<\/span><span class=\"cf1\">\u00e2t dac<\/span><span class=\"cf2\">\u0103 exist\u0103 o retragere complet\u0103 a for\u021belor israeliene, dac\u0103 nu exist\u0103 stabilitate <\/span><span class=\"cf1\">\u00een Gaza, dac<\/span><span class=\"cf2\">\u0103 oamenii pot intra \u0219i ie\u0219i, ceea ce nu este cazul ast\u0103zi\u201d, a spus el.<\/span><\/p>\n<p class=\"pf0\" id=\"p-3\"><span class=\"cf2\">De\u0219i armisti\u021biul a pus cap\u0103t luptelor intense din r\u0103zboiul care dureaz\u0103 de doi ani, oficialii din domeniul s\u0103n\u0103t\u0103\u021bii din Gaza afirm\u0103 c\u0103 peste 360 de palestinieni au fost uci\u0219i de focurile israeliene de la intrarea <\/span><span class=\"cf1\">\u00een vigoare a armisti<\/span><span class=\"cf2\">\u021biului, <\/span><span class=\"cf1\">\u00een octombrie.<\/span><\/p>\n<p class=\"pf0\" id=\"p-4\"><span class=\"cf1\">\u00cen cadrul unor noi violen<\/span><span class=\"cf2\">\u021be, doi palestinieni au fost uci\u0219i <\/span><span class=\"cf1\">\u00eentr<\/span><span class=\"cf1\">-un atac aerian israelian la nord-vest de ora<\/span><span class=\"cf2\">\u0219ul Gaza, a anun\u021bat spitalul <\/span><span class=\"cf2\">Shifa<\/span><span class=\"cf2\">.<\/span><\/p>\n<p class=\"pf0\" id=\"p-5\"><span class=\"cf2\">Israelul nu a f\u0103cut niciun comentariu imediat. Armata israelian\u0103 afirm\u0103 <\/span><span class=\"cf1\">\u00eens<\/span><span class=\"cf2\">\u0103 c\u0103 a efectuat o serie de atacuri asupra palestinienilor care au p\u0103truns pe teritoriul controlat de Israel <\/span><span class=\"cf1\">\u00een Gaza.<\/span><\/p>\n<h2 class=\"pf0\" id=\"chapter-0\">Faza a doua armisti\u021biului<\/h2>\n<p class=\"pf0\" id=\"p-6\"><span class=\"cf1\">Prima faz<\/span><span class=\"cf2\">\u0103 a planului de pace <\/span><span class=\"cf1\">\u00een 20 de puncte al pre<\/span><span class=\"cf2\">\u0219edintelui american Donald Trump a intrat <\/span><span class=\"cf1\">\u00een vigoare pe 10 octombrie. Luptele au \u00eencetat <\/span><span class=\"cf2\">\u0219i zeci de ostatici re\u021binu\u021bi <\/span><span class=\"cf1\">\u00een Gaza au fost schimba<\/span><span class=\"cf2\">\u021bi cu sute de palestinieni de\u021binu\u021bi <\/span><span class=\"cf1\">\u00een \u00eenchisorile israeliene. Israelul a trimis s<\/span><span class=\"cf2\">\u0103pt\u0103m<\/span><span class=\"cf1\">\u00e2na trecut<\/span><span class=\"cf2\">\u0103 o delega\u021bie <\/span><span class=\"cf1\">\u00een Egipt pentru discu<\/span><span class=\"cf2\">\u021bii privind returnarea r\u0103m\u0103\u0219i\u021belor ultimului ostatic.<\/span><\/p>\n<p class=\"pf0\" id=\"p-7\"><span class=\"cf2\">Urm\u0103toarea faz\u0103, care include desf\u0103\u0219urarea unei for\u021be interna\u021bionale de securitate <\/span><span class=\"cf1\">\u00een Gaza, formarea unui nou guvern tehnocratic pentru teritoriu, dezarmarea Hamas <\/span><span class=\"cf2\">\u0219i retragerea eventual\u0103 a for\u021belor israeliene din Gaza, nu a <\/span><span class=\"cf1\">\u00eenceput \u00eenc<\/span><span class=\"cf2\">\u0103.<\/span><\/p>\n<p class=\"pf0\" id=\"p-8\"><span class=\"cf2\">Oficialii arabi \u0219i occidentali au declarat vineri pentru Associated Press c\u0103 se a\u0219teapt\u0103 ca p<\/span><span class=\"cf1\">\u00e2n<\/span><span class=\"cf2\">\u0103 la sf<\/span><span class=\"cf1\">\u00e2r<\/span><span class=\"cf2\">\u0219itul anului s\u0103 fie numit un organism interna\u021bional care s\u0103 supravegheze <\/span><span class=\"cf1\">\u00eencetarea focului, condus chiar de Trump. Pe termen lung, planul prevede <\/span><span class=\"cf2\">\u0219i o posibil\u0103 <\/span><span class=\"cf3\">\u201ecale\u201d c<\/span><span class=\"cf2\">\u0103tre independen\u021ba palestinian\u0103.<\/span><\/p>\n<p class=\"pf0\" id=\"p-9\"><span class=\"cf2\">\u0218eicul Mohammed a declarat c\u0103 \u0219i faza urm\u0103toare ar trebui s\u0103 fie <\/span><span class=\"cf3\">\u201etemporar<\/span><span class=\"cf2\">\u0103\u201d \u0219i c\u0103 pacea <\/span><span class=\"cf1\">\u00een regiune ar putea fi realizat<\/span><span class=\"cf2\">\u0103 numai odat\u0103 cu <\/span><span class=\"cf1\">\u00eenfiin<\/span><span class=\"cf2\">\u021barea eventual\u0103 a unui stat palestinian, lucru la care se opune guvernul israelian.<\/span><\/p>\n<p class=\"pf0\" id=\"p-10\"><span class=\"cf3\">\u201eDac<\/span><span class=\"cf2\">\u0103 ne limit\u0103m la a rezolva ceea ce s-a <\/span><span class=\"cf1\">\u00eent\u00e2mplat \u00een Gaza, catastrofa din ultimii doi ani, nu este suficient\u201d, a spus el. <\/span><\/p>\n","protected":false},"excerpt":{"rendered":"<p>\u0218eicul Mohammed bin Abdulrahman Al Thani a declarat \u00eentr-o conferin\u021b\u0103 interna\u021bional\u0103 \u00een capitala Qatarului c\u0103 mediatorii interna\u021bionali, condu\u0219i de SUA, lucreaz\u0103 \u201epentru a for\u021ba calea\u201d c\u0103tre a doua faz\u0103 a &hellip; <a href=\"https:\/\/microscopemedia.com\/?p=664917\" class=\"more-link\">Read More<\/a><\/p>\n","protected":false},"author":1,"featured_media":664918,"comment_status":"closed","ping_status":"closed","sticky":false,"template":"Default","format":"standard","meta":[],"categories":[1],"tags":[],"_links":{"self":[{"href":"https:\/\/microscopemedia.com\/index.php?rest_route=\/wp\/v2\/posts\/664917"}],"collection":[{"href":"https:\/\/microscopemedia.com\/index.php?rest_route=\/wp\/v2\/posts"}],"about":[{"href":"https:\/\/microscopemedia.com\/index.php?rest_route=\/wp\/v2\/types\/post"}],"author":[{"embeddable":true,"href":"https:\/\/microscopemedia.com\/index.php?rest_route=\/wp\/v2\/users\/1"}],"replies":[{"embeddable":true,"href":"https:\/\/microscopemedia.com\/index.php?rest_route=%2Fwp%2Fv2%2Fcomments&post=664917"}],"version-history":[{"count":0,"href":"https:\/\/microscopemedia.com\/index.php?rest_route=\/wp\/v2\/posts\/664917\/revisions"}],"wp:featuredmedia":[{"embeddable":true,"href":"https:\/\/microscopemedia.com\/index.php?rest_route=\/wp\/v2\/media\/664918"}],"wp:attachment":[{"href":"https:\/\/microscopemedia.com\/index.php?rest_route=%2Fwp%2Fv2%2Fmedia&parent=664917"}],"wp:term":[{"taxonomy":"category","embeddable":true,"href":"https:\/\/microscopemedia.com\/index.php?rest_route=%2Fwp%2Fv2%2Fcategories&post=664917"},{"taxonomy":"post_tag","embeddable":true,"href":"https:\/\/microscopemedia.com\/index.php?rest_route=%2Fwp%2Fv2%2Ftags&post=664917"}],"curies":[{"name":"wp","href":"https:\/\/api.w.org\/{rel}","templated":true}]}}