{"id":665055,"date":"2025-12-07T11:56:03","date_gmt":"2025-12-07T11:56:03","guid":{"rendered":"https:\/\/microscopemedia.com\/?p=665055"},"modified":"2025-12-07T11:56:03","modified_gmt":"2025-12-07T11:56:03","slug":"primele-rezultate-cum-au-votat-bucurestenii-pana-la-acesta-ora","status":"publish","type":"post","link":"https:\/\/microscopemedia.com\/?p=665055","title":{"rendered":"Primele rezultate. Cum au votat bucure\u0219tenii p\u00e2n\u0103 la acest\u0103 or\u0103"},"content":{"rendered":"<div><img decoding=\"async\" src=\"https:\/\/microscopemedia.com\/wp-content\/uploads\/2025\/12\/primele-rezultate-cum-au-votat-bucurestenii-pana-la-acesta-ora.jpg\" class=\"ff-og-image-inserted\"><\/div>\n<div readability=\"10.961096374889\">\n<h2 id=\"chapter-5\">Cine candideaz\u0103 \u00een Bucure\u0219ti la Alegerile Par\u021biale 2025<\/h2>\n<p id=\"p-15\">Aleg\u0103torii vor avea pe buletin opt candida\u021bi distribui\u021bi pe dou\u0103 file, plus \u00eenc\u0103 unul pe a treia fil\u0103.<\/p>\n<ol>\n<li>C\u0103t\u0103lin Drul\u0103 \u2013 Uniunea Salva\u021bi Rom\u00e2nia (USR),<\/li>\n<li>Daniel B\u0103lu\u021b\u0103 \u2013 Partidul Social Democrat (PSD),<\/li>\n<li>George Burcea \u2013 Partidul Oamenilor Tineri (POT),<\/li>\n<li>Ciprian Ciucu \u2013 Partidul Na\u021bional Liberal (PNL),<\/li>\n<li>Ana-Maria Ciceal\u0103 \u2013 S\u0103n\u0103tate Educa\u021bie Natur\u0103 Sustenabilitate (SENS),<\/li>\n<li>Liviu Gheorghe Florea \u2013 Partidul Na\u021bional \u021a\u0103r\u0103nesc Maniu Mihalache (PN\u021aMM),<\/li>\n<li>Gheorghe Macovei \u2013 Partidul Rom\u00e2nia Mare (PRM),<\/li>\n<li>Oana Cre\u021bu \u2013 Partidul Social Democrat Unit (PSDU),<\/li>\n<li>Mihai Lasca \u2013 Patrio\u021bii Poporului Rom\u00e2n (PPR),<\/li>\n<li>Rare\u0219 Laz\u0103r \u2013 Partidul Rom\u00e2nia \u00een Ac\u021biune (PRA),<\/li>\n<li>Anca Alexandrescu \u2013 Alian\u021ba electoral\u0103 \u201eDreptate pentru Bucure\u0219ti\u201d,<\/li>\n<li>Dan Trifu \u2013 candidat independent,<\/li>\n<li>Eugen Orlando Teodorovici \u2013 candidat independent,<\/li>\n<li>Gheorghe Ne\u021boiu \u2013 candidat independent,<\/li>\n<li>Vlad Gheorghe \u2013 candidat independent,<\/li>\n<li>Angela Negrot\u0103 \u2013 candidat independent,<\/li>\n<li>Filip Titian \u2013 candidat independent.<\/li>\n<\/ol>\n<p id=\"p-16\">Mai multe detalii despre candida\u021bi g\u0103si\u021bi&nbsp;<a href=\"https:\/\/www.mediafax.ro\/politic\/alegeri-primaria-capitalei-2025-cine-sunt-cei-17-candidati-si-ce-loc-ocupa-pe-buletinele-de-vot-23651775\">AICI<\/a>.<\/p>\n<\/div>\n","protected":false},"excerpt":{"rendered":"<p>Cine candideaz\u0103 \u00een Bucure\u0219ti la Alegerile Par\u021biale 2025 Aleg\u0103torii vor avea pe buletin opt candida\u021bi distribui\u021bi pe dou\u0103 file, plus \u00eenc\u0103 unul pe a treia fil\u0103. C\u0103t\u0103lin Drul\u0103 \u2013 Uniunea &hellip; <a href=\"https:\/\/microscopemedia.com\/?p=665055\" class=\"more-link\">Read More<\/a><\/p>\n","protected":false},"author":1,"featured_media":665056,"comment_status":"closed","ping_status":"closed","sticky":false,"template":"Default","format":"standard","meta":[],"categories":[1],"tags":[],"_links":{"self":[{"href":"https:\/\/microscopemedia.com\/index.php?rest_route=\/wp\/v2\/posts\/665055"}],"collection":[{"href":"https:\/\/microscopemedia.com\/index.php?rest_route=\/wp\/v2\/posts"}],"about":[{"href":"https:\/\/microscopemedia.com\/index.php?rest_route=\/wp\/v2\/types\/post"}],"author":[{"embeddable":true,"href":"https:\/\/microscopemedia.com\/index.php?rest_route=\/wp\/v2\/users\/1"}],"replies":[{"embeddable":true,"href":"https:\/\/microscopemedia.com\/index.php?rest_route=%2Fwp%2Fv2%2Fcomments&post=665055"}],"version-history":[{"count":0,"href":"https:\/\/microscopemedia.com\/index.php?rest_route=\/wp\/v2\/posts\/665055\/revisions"}],"wp:featuredmedia":[{"embeddable":true,"href":"https:\/\/microscopemedia.com\/index.php?rest_route=\/wp\/v2\/media\/665056"}],"wp:attachment":[{"href":"https:\/\/microscopemedia.com\/index.php?rest_route=%2Fwp%2Fv2%2Fmedia&parent=665055"}],"wp:term":[{"taxonomy":"category","embeddable":true,"href":"https:\/\/microscopemedia.com\/index.php?rest_route=%2Fwp%2Fv2%2Fcategories&post=665055"},{"taxonomy":"post_tag","embeddable":true,"href":"https:\/\/microscopemedia.com\/index.php?rest_route=%2Fwp%2Fv2%2Ftags&post=665055"}],"curies":[{"name":"wp","href":"https:\/\/api.w.org\/{rel}","templated":true}]}}