{"id":665061,"date":"2025-12-07T12:36:04","date_gmt":"2025-12-07T12:36:04","guid":{"rendered":"https:\/\/microscopemedia.com\/?p=665061"},"modified":"2025-12-07T12:36:04","modified_gmt":"2025-12-07T12:36:04","slug":"marius-pieleanu-dupa-ce-a-analizat-primele-date-pentru-exit-poll-ul-voturile-bucurestenilor-se-aloca-conform-teoriei-alegerilor-rationale","status":"publish","type":"post","link":"https:\/\/microscopemedia.com\/?p=665061","title":{"rendered":"Marius Pieleanu, dup\u0103 ce a analizat primele date pentru Exit-Poll-ul: \u201eVoturile bucure\u0219tenilor se aloc\u0103 conform teoriei alegerilor ra\u021bionale\u201d"},"content":{"rendered":"<p id=\"p-0\">Dup\u0103 ce a analizat cifrele de la jum\u0103tatea zilei, Marius Pieleanu a tras concluzia c\u0103 bucure\u0219tenii aloc\u0103 voturile conform Teoriei Alegerii Ra\u021bionale.<\/p>\n<p id=\"p-1\">Bucure\u0219tenii sunt chema\u021bi duminic\u0103 la urne pentru a vota cel de-<a href=\"https:\/\/www.mediafax.ro\/politic\/alegeri-primaria-bucuresti-2025-capitala-voteaza-astazi-primarul-general-remus-stefureac-e-posibila-o-prezenta-la-vot-sub-30-23653939\">al doisprezecelea primar ales al Capitalei de dup\u0103 Revolu\u021bie<\/a>, dup\u0103 ce c\u00e2\u0219tig\u0103torul de la alegerile din iunie anul trecut, Nicu\u0219or Dan, a fost ales \u0219ef al statului preziden\u021bialele din acest an.<\/p>\n<p id=\"p-2\">Primarul desemnat c\u00e2\u0219tig\u0103tor \u00een urma scrutinului de duminic\u0103, 7 decembrie,va avea un mandat mai scurt dec\u00e2t ale\u0219ii instala\u021bi \u00een func\u021bie dup\u0103 alegerile din iunie anul trecut, respectiv mai pu\u021bin de trei ani, p\u00e2n\u0103 la termenul din 2028.<\/p>\n<h2 id=\"chapter-0\">Participare redus\u0103<\/h2>\n<p id=\"p-3\">Conform datelor \u00een timp real ale Autorit\u0103\u021bii Electorale Permanente (AEP). , num\u0103rul de aleg\u0103tori \u00eenscri\u0219i \u00een Registrul electoral la data 11 noiembrie 2025 pentru circumscrip\u0163ia electoral\u0103 nr. 42 a municipiului Bucure\u015fti este de 1.779.080, care are pot vota \u00een 1.289 de sec\u021bii. P\u00e2n\u0103 la ora public\u0103rii votaser\u0103 374.528 de aleg\u0103tori, care reprezint\u0103 16,88% din total.<\/p>\n<p id=\"p-4\"><img class=\"aligncenter wp-image-23654225 size-full\" src=\"https:\/\/microscopemedia.com\/wp-content\/uploads\/2025\/12\/marius-pieleanu-dupa-ce-a-analizat-primele-date-pentru-exit-poll-ul-voturile-bucurestenilor-se-aloca-conform-teoriei-alegerilor-rationale.webp\" alt width=\"700\" height=\"374\" loading=\"lazy\" decoding=\"async\" srcset=\"https:\/\/microscopemedia.com\/wp-content\/uploads\/2025\/12\/marius-pieleanu-dupa-ce-a-analizat-primele-date-pentru-exit-poll-ul-voturile-bucurestenilor-se-aloca-conform-teoriei-alegerilor-rationale-1.webp 500w, https:\/\/microscopemedia.com\/wp-content\/uploads\/2025\/12\/marius-pieleanu-dupa-ce-a-analizat-primele-date-pentru-exit-poll-ul-voturile-bucurestenilor-se-aloca-conform-teoriei-alegerilor-rationale.webp 728w\"><\/p>\n<p id=\"p-5\">\u201e1. A\u0219a cum analizele CURS \u0219i Avangarde au ar\u0103tat \u00een ultima perioad\u0103, <a href=\"https:\/\/www.mediafax.ro\/politic\/primele-rezultate-cum-au-votat-bucurestenii-pana-la-acesta-ora-23654199\">participarea la vot<\/a> este mic\u0103, a\u0219a cum noi am anticipat, spre deosebire de alte case de sondare care d\u0103deau o prezen\u021b\u0103 mare la vot.<\/p>\n<p id=\"p-6\">2.De\u0219i exist\u0103 \u201do stafie care b\u00e2ntuie Rom\u00e2nia\u201d, rezultatele votului de p\u00e2n\u0103 acum nu confirm\u0103 c\u0103 \u0219i Bucure\u0219tiul a fost contaminat de aceast\u0103 ideologie<\/p>\n<p id=\"p-7\">3.O candidat\u0103 relativ t\u00e2n\u0103r\u0103 tinde s\u0103 \u00ee\u0219i aloce voturile majorit\u0103\u021bii tinerilor din Bucure\u0219ti \u0219i capitalizeaz\u0103<\/p>\n<p id=\"p-8\">4.Constat\u0103m o lupt\u0103 str\u00e2ns\u0103 \u00eentre candida\u021bii de dreapta pentru apropierea de primul loc.<\/p>\n<p id=\"p-9\">Ca \u0219i concluzie a concluziilor, se pare c\u0103 p\u00e2n\u0103 \u00een acest moment voturile bucure\u0219tenilor se aloc\u0103 conform teoriei alegerilor ra\u021bionale\u201d, a declarat Marius Pieleanu, pentru stiripesurse.ro.<\/p>\n<p id=\"p-10\">Potrivit sursei citate, Teoria Alegerii Ra\u021bionale (TAR) este un cadru sociologic \u0219i economic ce presupune c\u0103 indivizii iau decizii ac\u021bion\u00e2nd ra\u021bional pentru a-\u0219i maximiza beneficiile (utilitatea) \u0219i a-\u0219i atinge scopurile, lu\u00e2nd \u00een considerare preferin\u021bele \u0219i constr\u00e2ngerile existente, iar comportamentul social agregat rezult\u0103 din aceste alegeri individuale ra\u021bionale, explic\u00e2nd astfel ac\u021biunea social\u0103 \u0219i politic\u0103 prin optimizare.<\/p>\n<p id=\"p-11\">&nbsp;<\/p>\n","protected":false},"excerpt":{"rendered":"<p>Dup\u0103 ce a analizat cifrele de la jum\u0103tatea zilei, Marius Pieleanu a tras concluzia c\u0103 bucure\u0219tenii aloc\u0103 voturile conform Teoriei Alegerii Ra\u021bionale. Bucure\u0219tenii sunt chema\u021bi duminic\u0103 la urne pentru a &hellip; <a href=\"https:\/\/microscopemedia.com\/?p=665061\" class=\"more-link\">Read More<\/a><\/p>\n","protected":false},"author":1,"featured_media":665062,"comment_status":"closed","ping_status":"closed","sticky":false,"template":"Default","format":"standard","meta":[],"categories":[1],"tags":[],"_links":{"self":[{"href":"https:\/\/microscopemedia.com\/index.php?rest_route=\/wp\/v2\/posts\/665061"}],"collection":[{"href":"https:\/\/microscopemedia.com\/index.php?rest_route=\/wp\/v2\/posts"}],"about":[{"href":"https:\/\/microscopemedia.com\/index.php?rest_route=\/wp\/v2\/types\/post"}],"author":[{"embeddable":true,"href":"https:\/\/microscopemedia.com\/index.php?rest_route=\/wp\/v2\/users\/1"}],"replies":[{"embeddable":true,"href":"https:\/\/microscopemedia.com\/index.php?rest_route=%2Fwp%2Fv2%2Fcomments&post=665061"}],"version-history":[{"count":0,"href":"https:\/\/microscopemedia.com\/index.php?rest_route=\/wp\/v2\/posts\/665061\/revisions"}],"wp:featuredmedia":[{"embeddable":true,"href":"https:\/\/microscopemedia.com\/index.php?rest_route=\/wp\/v2\/media\/665062"}],"wp:attachment":[{"href":"https:\/\/microscopemedia.com\/index.php?rest_route=%2Fwp%2Fv2%2Fmedia&parent=665061"}],"wp:term":[{"taxonomy":"category","embeddable":true,"href":"https:\/\/microscopemedia.com\/index.php?rest_route=%2Fwp%2Fv2%2Fcategories&post=665061"},{"taxonomy":"post_tag","embeddable":true,"href":"https:\/\/microscopemedia.com\/index.php?rest_route=%2Fwp%2Fv2%2Ftags&post=665061"}],"curies":[{"name":"wp","href":"https:\/\/api.w.org\/{rel}","templated":true}]}}