{"id":665069,"date":"2025-12-07T13:26:04","date_gmt":"2025-12-07T13:26:04","guid":{"rendered":"https:\/\/microscopemedia.com\/?p=665069"},"modified":"2025-12-07T13:26:04","modified_gmt":"2025-12-07T13:26:04","slug":"stelian-bujduveanu-mesaj-dupa-votul-la-alegerile-partiale-votul-meu-pentru-continuitate-si-responsabilitate","status":"publish","type":"post","link":"https:\/\/microscopemedia.com\/?p=665069","title":{"rendered":"Stelian Bujduveanu, mesaj dup\u0103 votul la alegerile par\u021biale: Votul meu pentru continuitate \u0219i responsabilitate"},"content":{"rendered":"<div><img decoding=\"async\" src=\"https:\/\/microscopemedia.com\/wp-content\/uploads\/2025\/12\/stelian-bujduveanu-mesaj-dupa-votul-la-alegerile-partiale-votul-meu-pentru-continuitate-si-responsabilitate.webp\" class=\"ff-og-image-inserted\"><\/div>\n<p id=\"p-0\"><span>\u201e<\/span><span>\u0218tiu \u00een ce punct se afl\u0103 Bucure\u0219tiul \u0219i ce are nevoie pentru a r\u0103m\u00e2ne \u00een mi\u0219care. Tocmai de aceea votul meu a fost unul clar: pentru continuitate \u0219i responsabilitate\u201d, a transmis Bujduveanu, duminic\u0103, pe Facebook.&nbsp;<\/span><\/p>\n<p id=\"p-1\"><span>\u201eAdministra\u021bia este o prob\u0103 de anduran\u021b\u0103 \u2013 ca un maraton urban, \u00een care conteaz\u0103 ritmul constant, experien\u021ba \u0219i capacitatea de a duce proiectele la cap\u0103t\u201d, a continuat edilul interimar.&nbsp;<\/span><\/p>\n<p id=\"p-2\"><span>Acesta \u0219i-a exprimat \u0219i opinia privind modul de alegere al primarului, subliniind: \u201eLa Prim\u0103rie alegi competen\u021be \u0219i caracter. Bucure\u0219tiul are nevoie de stabilitate, de oameni care construiesc \u00een timp, nu de experimente sau schimb\u0103ri bru\u0219te\u201d.&nbsp;<\/span><\/p>\n<p id=\"p-3\"><span>Bujduveanu a subliniat c\u0103 votul s\u0103u este \u201epentru bucure\u0219teni \u0219i pentru un ora\u0219 care \u00ee\u0219i p\u0103streaz\u0103 direc\u021bia: serios, european, orientat spre rezultate\u201d.&nbsp;<\/span><\/p>\n<p id=\"p-4\"><span>Stelian Bujduveanu a asigurat interimatul la conducerea Prim\u0103riei Municipiului Bucure\u0219ti de la finalul lunii mai, dup\u0103 ce fostul primar, Nicu\u0219or Dan, a fost \u00eenvestit \u00een func\u021bia de pre\u0219edinte al Rom\u00e2niei.&nbsp;&nbsp;<\/span><\/p>\n","protected":false},"excerpt":{"rendered":"<p>\u201e\u0218tiu \u00een ce punct se afl\u0103 Bucure\u0219tiul \u0219i ce are nevoie pentru a r\u0103m\u00e2ne \u00een mi\u0219care. Tocmai de aceea votul meu a fost unul clar: pentru continuitate \u0219i responsabilitate\u201d, a &hellip; <a href=\"https:\/\/microscopemedia.com\/?p=665069\" class=\"more-link\">Read More<\/a><\/p>\n","protected":false},"author":1,"featured_media":665070,"comment_status":"closed","ping_status":"closed","sticky":false,"template":"Default","format":"standard","meta":[],"categories":[1],"tags":[],"_links":{"self":[{"href":"https:\/\/microscopemedia.com\/index.php?rest_route=\/wp\/v2\/posts\/665069"}],"collection":[{"href":"https:\/\/microscopemedia.com\/index.php?rest_route=\/wp\/v2\/posts"}],"about":[{"href":"https:\/\/microscopemedia.com\/index.php?rest_route=\/wp\/v2\/types\/post"}],"author":[{"embeddable":true,"href":"https:\/\/microscopemedia.com\/index.php?rest_route=\/wp\/v2\/users\/1"}],"replies":[{"embeddable":true,"href":"https:\/\/microscopemedia.com\/index.php?rest_route=%2Fwp%2Fv2%2Fcomments&post=665069"}],"version-history":[{"count":0,"href":"https:\/\/microscopemedia.com\/index.php?rest_route=\/wp\/v2\/posts\/665069\/revisions"}],"wp:featuredmedia":[{"embeddable":true,"href":"https:\/\/microscopemedia.com\/index.php?rest_route=\/wp\/v2\/media\/665070"}],"wp:attachment":[{"href":"https:\/\/microscopemedia.com\/index.php?rest_route=%2Fwp%2Fv2%2Fmedia&parent=665069"}],"wp:term":[{"taxonomy":"category","embeddable":true,"href":"https:\/\/microscopemedia.com\/index.php?rest_route=%2Fwp%2Fv2%2Fcategories&post=665069"},{"taxonomy":"post_tag","embeddable":true,"href":"https:\/\/microscopemedia.com\/index.php?rest_route=%2Fwp%2Fv2%2Ftags&post=665069"}],"curies":[{"name":"wp","href":"https:\/\/api.w.org\/{rel}","templated":true}]}}