{"id":665071,"date":"2025-12-07T13:36:04","date_gmt":"2025-12-07T13:36:04","guid":{"rendered":"https:\/\/microscopemedia.com\/?p=665071"},"modified":"2025-12-07T13:36:04","modified_gmt":"2025-12-07T13:36:04","slug":"sibiu-doua-persoane-au-intrat-in-aceeasi-cabina-de-vot-un-barbat-a-fost-amendat","status":"publish","type":"post","link":"https:\/\/microscopemedia.com\/?p=665071","title":{"rendered":"Sibiu: Dou\u0103 persoane au intrat \u00een aceea\u0219i cabin\u0103 de vot. Un b\u0103rbat a fost amendat"},"content":{"rendered":"<div><img decoding=\"async\" src=\"https:\/\/microscopemedia.com\/wp-content\/uploads\/2025\/12\/sibiu-doua-persoane-au-intrat-in-aceeasi-cabina-de-vot-un-barbat-a-fost-amendat.jpg\" class=\"ff-og-image-inserted\"><\/div>\n<p id=\"p-0\">Centrul de Comunicare Jude\u021bean Sibiu anun\u021b\u0103 c\u0103 agentul de poli\u021bie aflat \u00een exercitarea atribu\u021biilor de serviciu la sec\u021bia de votare din comuna C\u00e2r\u021ba a fost sesizat direct despre o posibil\u0103 fapt\u0103 nelegal\u0103 \u00een leg\u0103tur\u0103 cu procesul electoral. Mai exact, dou\u01ce persoane aflate \u00een aceea\u0219i cabin\u01ce de vot, iar una dintre ele ar fi \u0219i fotografiat buletinul de vot.<\/p>\n<p id=\"p-1\">\u00cen urma verific\u0103rilor, poli\u021bi\u0219tii au identificat cei doi b\u0103rba\u021bi, fiind vorba despre doi localnici, de 47 de ani \u0219i 35 de ani, tat\u0103 \u0219i fiu. Referitor la fotografierea buletinului de vot, fapta nu s-a confirmat, b\u0103rbatul folosind lanterna telefonului.<\/p>\n<p id=\"p-2\">B\u0103rbatul de 35 de ani a fost sanc\u021bionat contraventional, cu amend\u0103 \u00een valoare de 600 lei, pentru nerespectarea interdic\u021biei referitoare la prezen\u021ba \u00een cabina de vot \u0219i a altei persoane \u00een afara celei care voteaz\u0103.<\/p>\n","protected":false},"excerpt":{"rendered":"<p>Centrul de Comunicare Jude\u021bean Sibiu anun\u021b\u0103 c\u0103 agentul de poli\u021bie aflat \u00een exercitarea atribu\u021biilor de serviciu la sec\u021bia de votare din comuna C\u00e2r\u021ba a fost sesizat direct despre o posibil\u0103 &hellip; <a href=\"https:\/\/microscopemedia.com\/?p=665071\" class=\"more-link\">Read More<\/a><\/p>\n","protected":false},"author":1,"featured_media":665072,"comment_status":"closed","ping_status":"closed","sticky":false,"template":"Default","format":"standard","meta":[],"categories":[1],"tags":[],"_links":{"self":[{"href":"https:\/\/microscopemedia.com\/index.php?rest_route=\/wp\/v2\/posts\/665071"}],"collection":[{"href":"https:\/\/microscopemedia.com\/index.php?rest_route=\/wp\/v2\/posts"}],"about":[{"href":"https:\/\/microscopemedia.com\/index.php?rest_route=\/wp\/v2\/types\/post"}],"author":[{"embeddable":true,"href":"https:\/\/microscopemedia.com\/index.php?rest_route=\/wp\/v2\/users\/1"}],"replies":[{"embeddable":true,"href":"https:\/\/microscopemedia.com\/index.php?rest_route=%2Fwp%2Fv2%2Fcomments&post=665071"}],"version-history":[{"count":0,"href":"https:\/\/microscopemedia.com\/index.php?rest_route=\/wp\/v2\/posts\/665071\/revisions"}],"wp:featuredmedia":[{"embeddable":true,"href":"https:\/\/microscopemedia.com\/index.php?rest_route=\/wp\/v2\/media\/665072"}],"wp:attachment":[{"href":"https:\/\/microscopemedia.com\/index.php?rest_route=%2Fwp%2Fv2%2Fmedia&parent=665071"}],"wp:term":[{"taxonomy":"category","embeddable":true,"href":"https:\/\/microscopemedia.com\/index.php?rest_route=%2Fwp%2Fv2%2Fcategories&post=665071"},{"taxonomy":"post_tag","embeddable":true,"href":"https:\/\/microscopemedia.com\/index.php?rest_route=%2Fwp%2Fv2%2Ftags&post=665071"}],"curies":[{"name":"wp","href":"https:\/\/api.w.org\/{rel}","templated":true}]}}