{"id":665079,"date":"2025-12-07T14:16:03","date_gmt":"2025-12-07T14:16:03","guid":{"rendered":"https:\/\/microscopemedia.com\/?p=665079"},"modified":"2025-12-07T14:16:03","modified_gmt":"2025-12-07T14:16:03","slug":"cum-s-au-mobilizat-bucurestenii-la-vot-in-functie-de-domiciliu-topul-prezentei-pe-cele-sase-sectoare-ale-capitalei","status":"publish","type":"post","link":"https:\/\/microscopemedia.com\/?p=665079","title":{"rendered":"Cum s-au mobilizat bucure\u0219tenii la vot \u00een func\u021bie de domiciliu. Topul prezen\u021bei pe cele \u0219ase sectoare ale Capitalei"},"content":{"rendered":"<div><img decoding=\"async\" src=\"https:\/\/microscopemedia.com\/wp-content\/uploads\/2025\/12\/cum-s-au-mobilizat-bucurestenii-la-vot-in-functie-de-domiciliu-topul-prezentei-pe-cele-sase-sectoare-ale-capitalei.jpg\" class=\"ff-og-image-inserted\"><\/div>\n<p id=\"p-0\">P\u00e2n\u0103 la ora 21 au loc alegeri locale par\u021biale \u00een Bucure\u0219ti, dup\u0103 ce fostul primar general, Nicu\u0219or Dan, a fost ales pre\u0219edintele Rom\u00e2niei.<\/p>\n<p id=\"p-1\">Bucure\u0219tenii \u00ee\u0219i pot exercita <a href=\"https:\/\/www.mediafax.ro\/politic\/alegeri-primaria-bucuresti-2025-sectorul-6-are-cea-mai-mare-prezenta-sectoarele-3-si-5-au-cea-mai-mica-prezenta-sociolog-stafia-care-bantuie-romania-nu-se-confirma-inca-la-bucuresti-23653939\">dreptul de vot<\/a> numai la sec\u0163ia de votare la care sunt aronda\u021bi potrivit adresei de domiciliu sau, dup\u0103 caz, a adresei de re\u0219edin\u021b\u0103, dac\u0103 aceasta a fost stabilit\u0103 cu cel pu\u021bin \u0219ase luni \u00eenaintea datei scrutinului, respectiv anterior datei de 7 iunie 2025, potrivit AEP.<\/p>\n<p id=\"p-2\">Peste un sfert din locuitorii Sectorului 6 \u0219i-au exercitat dreptul de vot, la polul opus fiind cei din Sectorul 3, cu 18,19%.<\/p>\n<p id=\"p-3\">La nivelul municipiului, prezen\u021ba la vot \u00een Bucure\u0219ti pentru alegerea Primarului General a urcat la 21,84% p\u00e2n\u0103 la ora 16:00, ceea ce corespunde unui total de 393.876 de persoane.<\/p>\n<p id=\"p-4\">La o or\u0103 de la deschiderea sec\u021biilor, la ora 8:00, 15.916 votan\u021bi veniser\u0103 la urne<\/p>\n<p id=\"p-5\">Prezen\u021ba la vot \u00een Bucure\u0219ti ajunsese la 0,88%, cu o participare aproape egal\u0103 \u00eentre femei \u0219i b\u0103rba\u021bi. Analiza pe sectoare arat\u0103 diferen\u021be moderate \u00een mobilizarea aleg\u0103torilor.<\/p>\n<p id=\"p-6\">Sectorul 1 era \u00een frunte cu o prezen\u021b\u0103 de 0,98%, urmat de Sectorul 5 cu 0,95% \u0219i Sectorul 4 cu 0,94%. \u00cen Sectorul 2, prezen\u021ba era de 0,92%, iar \u00een Sectorul 6 de 0,84%. Cea mai sc\u0103zut\u0103 mobilizare se \u00eenregistra \u00een Sectorul 3, unde prezen\u021ba era de 0,75%.<\/p>\n<ul>\n<li>Sectorul 1: 23,86%<\/li>\n<\/ul>\n<p id=\"p-7\">Ora 15: 21,07%<\/p>\n<p id=\"p-8\">Ora 8: 0,98%<\/p>\n<ul>\n<li>Sectorul 2: 22,23%<\/li>\n<\/ul>\n<p id=\"p-9\">Ora 15: 19,53%<\/p>\n<p id=\"p-10\">Ora 8: 0,92%<\/p>\n<ul>\n<li>Sectorul 3: 18,19%<\/li>\n<\/ul>\n<p id=\"p-11\">Ora 15: 15,98%<\/p>\n<p id=\"p-12\">Ora 8: 0,75%<\/p>\n<ul>\n<li>Sectorul 4: 23,52%<\/li>\n<\/ul>\n<p id=\"p-13\">Ora 15: 20,76%<\/p>\n<p id=\"p-14\">Ora 8: 0,94%<\/p>\n<ul>\n<li>Sectorul 5: 20%<\/li>\n<\/ul>\n<p id=\"p-15\">Ora 15: 17:66%<\/p>\n<p id=\"p-16\">Ora 8: 0,95%<\/p>\n<ul>\n<li>Sectorul 6: 25,03<\/li>\n<\/ul>\n<p id=\"p-17\">Ora 15: 22,28%<\/p>\n<p id=\"p-18\">Ora 8: 0,84%<\/p>\n<h2 id=\"chapter-0\">C\u00e2te sec\u021bii sunt \u00een Capital\u0103<\/h2>\n<p id=\"p-19\">Potrivit datelor oficiale, \u00een Bucure\u0219ti sunt \u00eenregistra\u021bi 1.779.080 de aleg\u0103tori, repartiza\u021bi pe cele \u0219ase sectoare astfel: 210.685 \u00een Sectorul 1, 292.894 \u00een Sectorul 2, 440.813 \u00een Sectorul 3, 269.362 \u00een Sectorul 4, 239.783 \u00een Sectorul 5 \u0219i 325.543 \u00een Sectorul 6.<\/p>\n<p id=\"p-20\">\u00cen func\u021bie de adresa de domiciliu sau re\u0219edin\u021b\u0103, ei sunt <a href=\"https:\/\/www.mediafax.ro\/politic\/primele-rezultate-cum-au-votat-bucurestenii-pana-la-acesta-ora-23654199\">a\u0219tepta\u021bi s\u0103 voteze<\/a> \u00een 1.289 de sec\u021bii de votare.<\/p>\n<p id=\"p-21\">\u00cen Sectorul 1 sunt organizate 166 de sec\u0163ii, \u00een Sectorul 2 sunt 202, \u00een Sectorul 3 sunt 294, \u00een Sectorul 4 sunt 189, \u00een Sectorul 5 sunt 198, iar \u00een Sectorul 6 sunt 240.<\/p>\n","protected":false},"excerpt":{"rendered":"<p>P\u00e2n\u0103 la ora 21 au loc alegeri locale par\u021biale \u00een Bucure\u0219ti, dup\u0103 ce fostul primar general, Nicu\u0219or Dan, a fost ales pre\u0219edintele Rom\u00e2niei. Bucure\u0219tenii \u00ee\u0219i pot exercita dreptul de vot &hellip; <a href=\"https:\/\/microscopemedia.com\/?p=665079\" class=\"more-link\">Read More<\/a><\/p>\n","protected":false},"author":1,"featured_media":665080,"comment_status":"closed","ping_status":"closed","sticky":false,"template":"Default","format":"standard","meta":[],"categories":[1],"tags":[],"_links":{"self":[{"href":"https:\/\/microscopemedia.com\/index.php?rest_route=\/wp\/v2\/posts\/665079"}],"collection":[{"href":"https:\/\/microscopemedia.com\/index.php?rest_route=\/wp\/v2\/posts"}],"about":[{"href":"https:\/\/microscopemedia.com\/index.php?rest_route=\/wp\/v2\/types\/post"}],"author":[{"embeddable":true,"href":"https:\/\/microscopemedia.com\/index.php?rest_route=\/wp\/v2\/users\/1"}],"replies":[{"embeddable":true,"href":"https:\/\/microscopemedia.com\/index.php?rest_route=%2Fwp%2Fv2%2Fcomments&post=665079"}],"version-history":[{"count":0,"href":"https:\/\/microscopemedia.com\/index.php?rest_route=\/wp\/v2\/posts\/665079\/revisions"}],"wp:featuredmedia":[{"embeddable":true,"href":"https:\/\/microscopemedia.com\/index.php?rest_route=\/wp\/v2\/media\/665080"}],"wp:attachment":[{"href":"https:\/\/microscopemedia.com\/index.php?rest_route=%2Fwp%2Fv2%2Fmedia&parent=665079"}],"wp:term":[{"taxonomy":"category","embeddable":true,"href":"https:\/\/microscopemedia.com\/index.php?rest_route=%2Fwp%2Fv2%2Fcategories&post=665079"},{"taxonomy":"post_tag","embeddable":true,"href":"https:\/\/microscopemedia.com\/index.php?rest_route=%2Fwp%2Fv2%2Ftags&post=665079"}],"curies":[{"name":"wp","href":"https:\/\/api.w.org\/{rel}","templated":true}]}}