{"id":665081,"date":"2025-12-07T14:27:03","date_gmt":"2025-12-07T14:27:03","guid":{"rendered":"https:\/\/microscopemedia.com\/?p=665081"},"modified":"2025-12-07T14:27:03","modified_gmt":"2025-12-07T14:27:03","slug":"o-opera-rusa-deschide-duminica-sezonul-de-gala-la-scala-in-milano","status":"publish","type":"post","link":"https:\/\/microscopemedia.com\/?p=665081","title":{"rendered":"O oper\u0103 rus\u0103 deschide duminic\u0103 sezonul de gal\u0103 La Scala \u00een Milano"},"content":{"rendered":"<div><img decoding=\"async\" src=\"https:\/\/microscopemedia.com\/wp-content\/uploads\/2025\/12\/o-opera-rusa-deschide-duminica-sezonul-de-gala-la-scala-in-milano.jpg\" class=\"ff-og-image-inserted\"><\/div>\n<p class=\"pf0\" id=\"p-1\"><span class=\"cf1\">Directorul muzical al La Scala, Riccardo <\/span><span class=\"cf1\">Chailly<\/span><span class=\"cf1\">, va dirija opera <\/span><span class=\"cf3\">\u201eLady Macbeth din <\/span><span class=\"cf3\">Mtsensk<\/span><span class=\"cf3\">\u201d de Dmitri <\/span><span class=\"cf2\">\u0218ostakovici pentru deschiderea sezonului de gal\u0103, unul dintre cele mai a\u0219teptate evenimente din calendarul cultural european.<\/span><\/p>\n<p class=\"pf0\" id=\"p-2\"><span class=\"cf2\">Opera lui \u0218ostakovici din 1934 eviden\u021biaz\u0103 condi\u021bia femeilor <\/span><span class=\"cf1\">\u00een Uniunea Sovietic<\/span><span class=\"cf2\">\u0103 a lui Stalin \u0219i a fost pus\u0103 pe lista neagr\u0103 la doar c<\/span><span class=\"cf1\">\u00e2teva zile dup<\/span><span class=\"cf2\">\u0103 ce liderul comunist a v\u0103zut o reprezenta\u021bie <\/span><span class=\"cf1\">\u00een 1936.<\/span><\/p>\n<p class=\"pf0\" id=\"p-3\"><span class=\"cf1\">Un partid de st\u00e2nga a anun<\/span><span class=\"cf2\">\u021bat o demonstra\u021bie <\/span><span class=\"cf1\">\u00een fa<\/span><span class=\"cf2\">\u021ba teatrului la sosirea demnitarilor <\/span><span class=\"cf3\">\u201epentru a atrage aten<\/span><span class=\"cf2\">\u021bia asupra ap\u0103r\u0103rii libert\u0103\u021bii \u0219i democra\u021biei europene, amenin\u021bate ast\u0103zi de Rusia lui Putin, \u0219i pentru a sprijini poporul ucrainean\u201d.<\/span><\/p>\n<p class=\"pf0\" id=\"p-4\"><span class=\"cf2\">Partidul a subliniat c\u0103 opera lui \u0218ostakovici expune abuzul de putere \u0219i rolul rezisten\u021bei personale.<\/span><\/p>\n<p class=\"pf0\" id=\"p-5\"><span class=\"cf2\">Din motive de securitate, autorit\u0103\u021bile au mutat protestul din pia\u021ba din fa\u021ba La Scala <\/span><span class=\"cf1\">\u00eentr<\/span><span class=\"cf1\">-o alt<\/span><span class=\"cf2\">\u0103 pia\u021b\u0103 din spatele Prim\u0103riei.<\/span><\/p>\n<p class=\"pf0\" id=\"p-6\"><span class=\"cf2\">Chailly<\/span><span class=\"cf2\"> a <\/span><span class=\"cf1\">\u00eenceput s<\/span><span class=\"cf2\">\u0103 colaboreze cu regizorul <\/span><span class=\"cf2\">Vasily<\/span> <span class=\"cf2\">Barkhatov<\/span><span class=\"cf2\"> la acest titlu <\/span><span class=\"cf1\">\u00een urm<\/span><span class=\"cf2\">\u0103 cu aproximativ doi ani, dup\u0103 premiera de gal\u0103 din sezonul 2022 a operei ruse\u0219ti <\/span><span class=\"cf3\">\u201eBoris Godunov\u201d, la care au participat premierul italian <\/span><span class=\"cf3\">Giorgia<\/span> <span class=\"cf3\">Meloni<\/span> <span class=\"cf2\">\u0219i pre\u0219edintele Comisiei Europene Ursula von der Leyen.<\/span><\/p>\n<p class=\"pf0\" id=\"p-7\"><span class=\"cf2\">Chailly<\/span><span class=\"cf2\"> a numit punerea <\/span><span class=\"cf1\">\u00een scen<\/span><span class=\"cf2\">\u0103 a operei <\/span><span class=\"cf3\">\u201eLady Macbeth\u201d de <\/span><span class=\"cf2\">\u0218ostakovici, pentru a patra oar\u0103 <\/span><span class=\"cf1\">\u00een istoria La Scala, <\/span><span class=\"cf3\">\u201eo necesitate\u201d.<\/span><\/p>\n<p class=\"pf0\" id=\"p-8\"><span class=\"cf3\">\u201eEste o oper<\/span><span class=\"cf2\">\u0103 care a suferit mult timp \u0219i trebuie s\u0103 recupereze timpul pierdut\u201d, a declarat <\/span><span class=\"cf2\">Chailly<\/span> <span class=\"cf1\">\u00eentr<\/span><span class=\"cf1\">-o conferin<\/span><span class=\"cf2\">\u021b\u0103 de pres\u0103 luna trecut\u0103.<\/span><\/p>\n<h2 id=\"chapter-0\">Muzica, superioar\u0103 <span class=\"cf2\">oric\u0103rui conflict ideologic<\/span><\/h2>\n<p class=\"pf0\" id=\"p-9\"><span class=\"cf2\">Noul director general al La Scala, Fortunato <\/span><span class=\"cf2\">Ortombina<\/span><span class=\"cf2\">, a ap\u0103rat alegerile f\u0103cute de predecesorul s\u0103u de a pune <\/span><span class=\"cf1\">\u00een scen<\/span><span class=\"cf2\">\u0103 at<\/span><span class=\"cf1\">\u00e2t <\/span><span class=\"cf3\">\u201eLady Macbeth\u201d de <\/span><span class=\"cf2\">\u0218ostakovici, c<\/span><span class=\"cf1\">\u00e2t <\/span><span class=\"cf2\">\u0219i <\/span><span class=\"cf3\">\u201eBoris Godunov\u201d de Modest Mussorgski.<\/span><\/p>\n<p class=\"pf0\" id=\"p-10\"><span class=\"cf3\">\u201eMuzica este fundamental superioar<\/span><span class=\"cf2\">\u0103 oric\u0103rui conflict ideologic\u201d, a declarat <\/span><span class=\"cf2\">Ortombina<\/span><span class=\"cf2\">.<\/span><\/p>\n<p class=\"pf0\" id=\"p-11\"><span class=\"cf2\">Soprana american\u0103 Sara <\/span><span class=\"cf2\">Jakubiak<\/span><span class=\"cf2\"> debuteaz\u0103 la <\/span><span class=\"cf2\">La<\/span><span class=\"cf2\"> Scala <\/span><span class=\"cf1\">\u00een rolul principal al <\/span><span class=\"cf1\">Katerinei<\/span><span class=\"cf1\">, a c<\/span><span class=\"cf2\">\u0103rei lupt\u0103 <\/span><span class=\"cf1\">\u00eempotriva represiunii o determin<\/span><span class=\"cf2\">\u0103 s\u0103 comit\u0103 o crim\u0103, ajung<\/span><span class=\"cf1\">\u00e2nd <\/span><span class=\"cf1\">\u00eentr<\/span><span class=\"cf1\">-o \u00eenchisoare din Siberia, unde moare. <\/span><\/p>\n","protected":false},"excerpt":{"rendered":"<p>Directorul muzical al La Scala, Riccardo Chailly, va dirija opera \u201eLady Macbeth din Mtsensk\u201d de Dmitri \u0218ostakovici pentru deschiderea sezonului de gal\u0103, unul dintre cele mai a\u0219teptate evenimente din calendarul &hellip; <a href=\"https:\/\/microscopemedia.com\/?p=665081\" class=\"more-link\">Read More<\/a><\/p>\n","protected":false},"author":1,"featured_media":665082,"comment_status":"closed","ping_status":"closed","sticky":false,"template":"Default","format":"standard","meta":[],"categories":[1],"tags":[],"_links":{"self":[{"href":"https:\/\/microscopemedia.com\/index.php?rest_route=\/wp\/v2\/posts\/665081"}],"collection":[{"href":"https:\/\/microscopemedia.com\/index.php?rest_route=\/wp\/v2\/posts"}],"about":[{"href":"https:\/\/microscopemedia.com\/index.php?rest_route=\/wp\/v2\/types\/post"}],"author":[{"embeddable":true,"href":"https:\/\/microscopemedia.com\/index.php?rest_route=\/wp\/v2\/users\/1"}],"replies":[{"embeddable":true,"href":"https:\/\/microscopemedia.com\/index.php?rest_route=%2Fwp%2Fv2%2Fcomments&post=665081"}],"version-history":[{"count":0,"href":"https:\/\/microscopemedia.com\/index.php?rest_route=\/wp\/v2\/posts\/665081\/revisions"}],"wp:featuredmedia":[{"embeddable":true,"href":"https:\/\/microscopemedia.com\/index.php?rest_route=\/wp\/v2\/media\/665082"}],"wp:attachment":[{"href":"https:\/\/microscopemedia.com\/index.php?rest_route=%2Fwp%2Fv2%2Fmedia&parent=665081"}],"wp:term":[{"taxonomy":"category","embeddable":true,"href":"https:\/\/microscopemedia.com\/index.php?rest_route=%2Fwp%2Fv2%2Fcategories&post=665081"},{"taxonomy":"post_tag","embeddable":true,"href":"https:\/\/microscopemedia.com\/index.php?rest_route=%2Fwp%2Fv2%2Ftags&post=665081"}],"curies":[{"name":"wp","href":"https:\/\/api.w.org\/{rel}","templated":true}]}}