{"id":665083,"date":"2025-12-07T14:46:04","date_gmt":"2025-12-07T14:46:04","guid":{"rendered":"https:\/\/microscopemedia.com\/?p=665083"},"modified":"2025-12-07T14:46:04","modified_gmt":"2025-12-07T14:46:04","slug":"daniel-baluta-critica-atitudinea-unui-candidat-este-nedemocratic-si-ilegal","status":"publish","type":"post","link":"https:\/\/microscopemedia.com\/?p=665083","title":{"rendered":"Daniel B\u0103lu\u021b\u0103 critic\u0103 atitudinea unui candidat: Este nedemocratic \u0219i ilegal"},"content":{"rendered":"<div><img decoding=\"async\" src=\"https:\/\/microscopemedia.com\/wp-content\/uploads\/2025\/12\/daniel-baluta-critica-atitudinea-unui-candidat-este-nedemocratic-si-ilegal.jpg\" class=\"ff-og-image-inserted\"><\/div>\n<p id=\"p-0\"><span>Primarul Sectorului 4 \u0219i candidatul social-democrat la alegerile par\u021biale&nbsp; pentru func\u021bia de Primar General a transmis: \u201e\u00centr-o competi\u021bie electoral\u0103 trebuie s\u0103 existe, \u00eenainte de toate, respect Faptul c\u0103 ast\u0103zi un candidat se declar\u0103 c\u00e2\u0219tig\u0103tor \u0219i \u00eendeamn\u0103 oamenii, \u00een plin proces electoral, s\u0103 cread\u0103 c\u0103 al\u021bi candida\u021bi sunt irelevan\u021bi este nedemocratic \u0219i ilegal\u201d, duminic\u0103, printr-un mesaj publicat pe Facebook.&nbsp;<\/span><\/p>\n<p id=\"p-1\"><span>Acesta i-a \u00eendemnat pe cet\u0103\u021beni s\u0103 mearg\u0103 la urne \u0219i s\u0103 voteze conform propriei convingeri, not\u00e2nd: \u201eAsta \u00eenseamn\u0103 DEMOCRA\u021aIE!\u201d.&nbsp;<\/span><\/p>\n<p id=\"p-2\"><span>De asemenea, edilul social-democrat a lansat un apel fa\u021b\u0103 de contracandida\u021bi: \u201ehaide\u021bi s\u0103 ne respect\u0103m p\u00e2n\u0103 la final \u0219i s\u0103 respect\u0103m voin\u021ba oamenilor!\u201d.&nbsp;<\/span><\/p>\n<p id=\"p-3\">&nbsp;<\/p>\n","protected":false},"excerpt":{"rendered":"<p>Primarul Sectorului 4 \u0219i candidatul social-democrat la alegerile par\u021biale&nbsp; pentru func\u021bia de Primar General a transmis: \u201e\u00centr-o competi\u021bie electoral\u0103 trebuie s\u0103 existe, \u00eenainte de toate, respect Faptul c\u0103 ast\u0103zi un &hellip; <a href=\"https:\/\/microscopemedia.com\/?p=665083\" class=\"more-link\">Read More<\/a><\/p>\n","protected":false},"author":1,"featured_media":665084,"comment_status":"closed","ping_status":"closed","sticky":false,"template":"Default","format":"standard","meta":[],"categories":[1],"tags":[],"_links":{"self":[{"href":"https:\/\/microscopemedia.com\/index.php?rest_route=\/wp\/v2\/posts\/665083"}],"collection":[{"href":"https:\/\/microscopemedia.com\/index.php?rest_route=\/wp\/v2\/posts"}],"about":[{"href":"https:\/\/microscopemedia.com\/index.php?rest_route=\/wp\/v2\/types\/post"}],"author":[{"embeddable":true,"href":"https:\/\/microscopemedia.com\/index.php?rest_route=\/wp\/v2\/users\/1"}],"replies":[{"embeddable":true,"href":"https:\/\/microscopemedia.com\/index.php?rest_route=%2Fwp%2Fv2%2Fcomments&post=665083"}],"version-history":[{"count":0,"href":"https:\/\/microscopemedia.com\/index.php?rest_route=\/wp\/v2\/posts\/665083\/revisions"}],"wp:featuredmedia":[{"embeddable":true,"href":"https:\/\/microscopemedia.com\/index.php?rest_route=\/wp\/v2\/media\/665084"}],"wp:attachment":[{"href":"https:\/\/microscopemedia.com\/index.php?rest_route=%2Fwp%2Fv2%2Fmedia&parent=665083"}],"wp:term":[{"taxonomy":"category","embeddable":true,"href":"https:\/\/microscopemedia.com\/index.php?rest_route=%2Fwp%2Fv2%2Fcategories&post=665083"},{"taxonomy":"post_tag","embeddable":true,"href":"https:\/\/microscopemedia.com\/index.php?rest_route=%2Fwp%2Fv2%2Ftags&post=665083"}],"curies":[{"name":"wp","href":"https:\/\/api.w.org\/{rel}","templated":true}]}}