{"id":665095,"date":"2025-12-07T16:16:04","date_gmt":"2025-12-07T16:16:04","guid":{"rendered":"https:\/\/microscopemedia.com\/?p=665095"},"modified":"2025-12-07T16:16:04","modified_gmt":"2025-12-07T16:16:04","slug":"alegeri-primaria-bucuresti-2025-prezenta-creste-pe-seara-director-inscop-va-castiga-cine-a-facut-ceva-treaba-in-bucuresti-cum-arata-situatia-in-prezent","status":"publish","type":"post","link":"https:\/\/microscopemedia.com\/?p=665095","title":{"rendered":"Alegeri Prim\u0103ria Bucure\u0219ti 2025. Prezen\u021ba cre\u0219te pe sear\u0103. Director INSCOP: Va c\u00e2\u0219tiga cine a f\u0103cut ceva treab\u0103 \u00een Bucure\u0219ti \/ Cum arat\u0103 situa\u021bia \u00een prezent"},"content":{"rendered":"<div><img decoding=\"async\" src=\"https:\/\/microscopemedia.com\/wp-content\/uploads\/2025\/12\/alegeri-primaria-bucuresti-2025-prezenta-creste-pe-seara-director-inscop-va-castiga-cine-a-facut-ceva-treaba-in-bucuresti-cum-arata-situatia-in-prezent.jpg\" class=\"ff-og-image-inserted\"><\/div>\n<h2 id=\"chapter-0\">UPDATE Director Inscop: Va c\u00e2\u0219tiga cine a f\u0103cut ceva treab\u0103 \u00een Bucure\u0219ti<\/h2>\n<p id=\"p-0\">Directorul INSCOP a comentat cifrele momentului \u0219i a precizat c\u0103 nu vor fi mari surprize. Cifrele actuale sunt apropiate de estim\u0103rile date de sondajele ultimelor zile.<\/p>\n<p id=\"p-1\">\u201eSurprize? Dac\u0103 faptul ca va c\u00e2\u0219tiga cine a f\u0103cut ceva treab\u0103 \u00een Bucure\u0219ti este o surpriz\u0103, atunci da. Raportat la m\u0103sur\u0103torile serioase publicate \u00een ultima s\u0103pt\u0103m\u00e2n\u0103, NICIO SURPRIZ\u0102! Restul e cancan\u201d, a subliniat \u0218tefureac.<\/p>\n<p id=\"p-2\">La ultimele alegeri, sondajele realizate de INSCOP s-au remarcat ca fiind cele mai apropiate de rezultatele votului.<\/p>\n<h2 id=\"chapter-1\">UPDATE Procentul prezen\u021bei la vot a trecut de 25%<\/h2>\n<p id=\"p-3\">Num\u0103rul bucure\u0219tenilor care au votat p\u00e2n\u0103 la ora 17.10 a ajuns la 25%, potrivit datelor oficiale cu privire la prezen\u021ba la urne. Au votat peste 450.000 de aleg\u0103tori.<\/p>\n<h2 id=\"chapter-2\">UPDATE Cursa se men\u021bine str\u00e2ns\u0103 la v\u00e2rf<\/h2>\n<p id=\"p-4\">Noile estim\u0103ri arat\u0103 \u00een continuare o diferen\u021b\u0103 mic\u0103 \u00eentre primele pozi\u021bii. Diferen\u021ba \u00eentre primele dou\u0103 locuri ar fi \u00een voturi, la final, de doar c\u00e2teva mii.<\/p>\n<h2 id=\"chapter-3\">UPDATE Prezen\u021ba la vot cre\u0219te u\u0219or. Ne apropiem de cifrele din 2024<\/h2>\n<p id=\"p-5\">P\u00e2na la ora 16:35 au votat 422.489 de persoane \u2013 23,42 %<\/p>\n<p id=\"p-6\">\u201eLa ora 16 am ajuns la 89% din prezenta \u00eenregistrat\u0103 la ora similar\u0103 la alegerile locale din 9 iunie 2024\u201d, spune sociologul Remus \u0218tefureac.<\/p>\n<h2 id=\"chapter-4\">UPDATE Cum arat\u0103 situa\u021bia \u00een prezent<\/h2>\n<p id=\"p-7\">Estim\u0103rile de la acest\u0103 or\u0103 confirm\u0103 lupta st\u00e2ns\u0103 din sondajele anterioare votului. Diferen\u021bele dintre primii candida\u021bi sunt mici. Diferen\u021ba dintre primul \u0219i al doilea s-a redus semi\u021bitor fa\u021b\u0103 de datele de diminea\u021b\u0103. Pare c\u0103 b\u0103t\u0103lia se va da p\u00e2n\u0103 spre \u00eenchiderea urnelor. Mobilizarea de sear\u0103 ar putea influen\u021ba mult clasamentul final.<\/p>\n<h2 id=\"chapter-5\">UPDATE Situa\u021bia pe sectoare<\/h2>\n<ul>\n<li>Sectorul 1: 21%;<\/li>\n<li>Sectorul 2: 19,9%;<\/li>\n<li>Sectorul 3: 16,3%;<\/li>\n<li>Sectorul 4: 20,07%;<\/li>\n<li>Sectorul 5: 17,97;<\/li>\n<li>Sectorul 6: 22,2%;<\/li>\n<\/ul>\n<p id=\"p-8\">Bucure\u0219tenii se pare c\u0103 voteaz\u0103 ra\u021bional, f\u0103r\u0103 s\u0103 fie contamina\u021bi de ideologia promovat\u0103 de \u201eo stafie care b\u00e2ntuie Rom\u00e2nia\u201d, consider\u0103 sociologul Marius Pieleanu, CEO-ul Avangarde, parte in consor\u021biul CURS-Avangarde, care colecteaz\u0103 datele pentru Exit-Poll-ul de la ora 21.00.<\/p>\n<h2 id=\"chapter-6\">UPDATE ORA 15:00 \u2013 Au votat aproape 350.000 de bucure\u0219teni<\/h2>\n<p id=\"p-9\">Potrivit datelor AEP, prezen\u021ba la vot \u00een Bucure\u0219ti pentru alegerea Primarului General a urcat la 19,24% p\u00e2n\u0103 la ora 15:00, ceea ce corespunde unui total de 347.009 votan\u021bi, dintre care 183.373 femei \u0219i 163.636 b\u0103rba\u021bi.<\/p>\n<p id=\"p-10\">Analiza pe grupe de v\u00e2rst\u0103 arat\u0103 o participare predominant\u0103 \u00een r\u00e2ndul segmentelor mature. Categoria 45-64 de ani r\u0103m\u00e2ne cea mai numeroas\u0103, 38,39% din total.<\/p>\n<p id=\"p-11\">Seniorii de 65+ urmeaz\u0103 cu 31,54%, \u00een timp ce electoratul de v\u00e2rst\u0103 medie, 35-44 de ani, reprezint\u0103 17,44%.<\/p>\n<p id=\"p-12\">Participarea tinerilor este vizibil mai sc\u0103zut\u0103: 3,99% pentru 18-24 de ani \u0219i 8,64% pentru 25-34 de ani.<\/p>\n<p id=\"p-13\">La nivelul sectoarelor, diferen\u021bele de participare continu\u0103 s\u0103 se accentueze.<\/p>\n<p id=\"p-14\">Cele mai ridicate valori se \u00eenregistreaz\u0103 \u00een Sectorul 1 (21,07%) \u0219i Sectorul 6 (22,28%), urmate de Sectorul 5 (20,76%).<\/p>\n<p id=\"p-15\">La polul opus, Sectorul 4 (15,98%) \u0219i Sectorul 3 (17,66%) sunt \u00een continuare coda\u0219e, cu valori sub media municipiului.<\/p>\n<h3>Situa\u021bia votului la alegerile din 9 iunie 2024<\/h3>\n<p id=\"p-16\">La aceea\u0219i or\u0103, la alegerile din 9 iunie 2024, prezen\u021ba la vot \u00een Bucure\u0219ti ajunsese la 22,09%, ceea ce \u00eensemna un total de 399.585 de aleg\u0103tori.<\/p>\n<p id=\"p-17\">Femeile au continuat s\u0103 fie segmentul dominant, \u00eensum\u00e2nd 215.032 votante, \u00een timp ce b\u0103rba\u021bii au \u00eenregistrat 184.553 votan\u021bi, diferen\u021ba confirm\u00e2nd trendul constant al unei particip\u0103ri mai ridicate \u00een r\u00e2ndul femeilor.<\/p>\n<h2 id=\"chapter-7\">UPDATE \u2013 Sociolog: Prezen\u021ba la vot cre\u0219te constant \u2013 80% din nivelul de la ora 13:00 din 2024<\/h2>\n<p id=\"p-18\">Sociologul <span><a href=\"https:\/\/www.mediafax.ro\/politic\/sociolog-prezenta-la-vot-creste-constant-80-din-nivelul-de-la-ora-13-00-din-2024-23654214\">Remus \u0218tefureac<\/a><\/span> raporteaz\u0103 o cre\u0219tere constant\u0103 a prezen\u021bei la vot comparativ cu alegerile locale din 9 iunie 2024.<\/p>\n<p id=\"p-19\">Ponderea cre\u0219terilor orare sugereaz\u0103 o posibil\u0103 redresare a mobiliz\u0103rii electoratului.<\/p>\n<p id=\"p-20\">\u201eCre\u0219terea prezen\u021bei raportat\u0103 la ritmul orar din 2024 continu\u0103. Ponderea prezen\u021bei \u00een ultimele 4 ore comparativ cu prezen\u021ba pe ore de la alegerile locale din 9 iunie 2024 cre\u0219te constant\u201d, a anun\u021bat \u0218tefureac.<\/p>\n<h2 id=\"chapter-8\">UPDATE ORA 14:00 \u2013 Prezen\u021b\u0103 la vot \u2013 16,42%<\/h2>\n<p id=\"p-21\">Potrivit datelor centralizate \u00een timp real de Autoritatea Electoral\u0103 Permanent\u0103 (AEP), prezen\u021ba la vot \u00een Bucure\u0219ti pentru alegerea Primarului General a urcat la ora 14:00 la 16,42%, ceea ce corespunde unui total de 296.236 de votan\u021bi.<\/p>\n<p id=\"p-22\">Cei mai mul\u021bi au votat pe liste permanente, unde au fost \u00eenregistrate 287.106 persoane.<\/p>\n<p id=\"p-23\">Mobilizarea este mai ridicat\u0103 \u00een r\u00e2ndul femeilor, care au adunat 156.217 voturi, \u00een timp ce b\u0103rba\u021bii au ajuns la 140.019 voturi.<\/p>\n<p id=\"p-24\">La nivelul sectoarelor se p\u0103streaz\u0103 diferen\u021be clare de participare. Valorile oscileaz\u0103 \u00eentre 13,53% \u0219i 19,17%, cu Sectorul 1 (18,24%) \u0219i Sectorul 6 (19,17%) printre cele mai active.<\/p>\n<p id=\"p-25\">\u00cen schimb, Sectorul 4 (13,53%) \u0219i Sectorul 3 (16,68%) continu\u0103 s\u0103 se situeze sub media pe Capital\u0103. Sectorul 5 (15,11%) \u0219i Sectorul 2 (17,60%) \u00eenregistreaz\u0103 particip\u0103ri moderate.<\/p>\n<p id=\"p-26\">Prezen\u021ba r\u0103m\u00e2ne \u00een cre\u0219tere, \u00eens\u0103 ritmul este mai lent dec\u00e2t la scrutinele anterioare din Capital\u0103.<\/p>\n<h2 id=\"chapter-9\">UPDATE \u2013 Primele rezultate. Cum au votat bucure\u0219tenii p\u00e2n\u0103 la acest\u0103 or\u0103<\/h2>\n<p id=\"p-27\">Potrivit <span><a href=\"https:\/\/www.mediafax.ro\/politic\/primele-rezultate-cum-au-votat-bucurestenii-pana-la-acesta-ora-23654199\">primului sondaj<\/a><\/span> din ziua votului, prezentat de&nbsp;<a href=\"https:\/\/www.antena3.ro\/politica\/alegeri-locale\/primele-rezultate-ale-cercetarii-sociologice-in-ziua-alegerilor-din-capitala-cu-cine-au-votat-bucurestenii-769375.html\" target=\"_blank\" rel=\"noopener\">Antena 3 CNN<\/a>&nbsp;\u0219i realizat de ARA Public Opinion la nivelul Municipiului Bucure\u0219ti, votan\u021bii prezen\u021bi \u00een prima partea a zilei au optat \u00een propor\u021bie de 47% pentru r\u0103ul cel mai mic.<\/p>\n<p id=\"p-28\">Semn c\u0103 mul\u021bi bucure\u0219teni ce se prezint\u0103 la urne merg mai degrab\u0103 pe un vot util pentru a evita o variant\u0103 nedorit\u0103, nu neap\u0103rat pentru c\u0103 sunt entuziasma\u021bi de ofert\u0103.<\/p>\n<p id=\"p-29\">Aproape unul din trei votan\u021bi spune c\u0103 a decis \u00een cabina de vot pe cine s\u0103 pun\u0103 \u0219tampila.<\/p>\n<h2 id=\"chapter-10\">UPDATE \u2013 Anca Alexandrescu, dup\u0103 vot: Este experien\u021ba vie\u021bii mele<\/h2>\n<p id=\"p-30\"><span><a href=\"https:\/\/www.mediafax.ro\/politic\/anca-alexandrescu-dupa-vot-este-experienta-vietii-mele-23654203\">Anca Alexandrescu<\/a><\/span>, candidata independent\u0103 sus\u021binut\u0103 de AUR la Prim\u0103ria Capitalei, a votat duminic\u0103 \u0219i a spus c\u0103 a ales \u201eun ora\u0219 \u00een care s\u0103 se poat\u0103 tr\u0103i \u0219i \u00een care s\u0103 ne permitem s\u0103 tr\u0103im\u201d.<\/p>\n<p id=\"p-31\">La ie\u0219irea de la urne, Anca Alexandrescu a spus c\u0103 \u00eentreaga campanie a reprezentat \u201eun dar\u201d \u0219i \u201eexperien\u021ba vie\u021bii sale\u201d.<\/p>\n<h2 id=\"chapter-11\">UPDATE<\/h2>\n<p id=\"p-32\">Urm\u0103re\u0219te <span><a href=\"https:\/\/www.mediafax.ro\/politic\/exit-poll-alegeri-primaria-bucuresti-2025-rezultatele-exit-poll-vor-fi-disponibilela-ora-2100-23654105\">aici<\/a><\/span> rezultatele exit-poll-urilor pentru Prim\u0103ria Bucure\u0219ti 2025.<\/p>\n<h2 id=\"chapter-12\">UPDATE ORA 13:00 \u2013 Au votat 237.545 bucure\u0219teni<\/h2>\n<p id=\"p-33\">La aceast\u0103 or\u0103, 237.545 de aleg\u0103tori s-au prezentat la urne adic\u0103 o prezen\u021b\u0103 de 13,17%. Dintre ace\u015ftia, 124.927 sunt femei (52,59%), iar 112.619 sunt b\u0103rba\u0163i (47,41%).<\/p>\n<p id=\"p-34\">Structura pe v\u00e2rste indic\u0103 un interes ridicat \u00een r\u00e2ndul categoriilor adulte \u0219i al seniorilor:<br \/>18-24 de ani: <strong>2,82%; <\/strong>25-34 de ani: <strong>6,72%; <\/strong>35-44 de ani: <strong>14,97%; <\/strong>45-64 de ani: <strong>38,48%;<\/strong><br \/>65+ ani: <strong>37,01%.<\/strong><\/p>\n<h2 id=\"chapter-13\">UPDATE \u2013 Daniel B\u0103lu\u021b\u0103: \u201eNu e un simbol al dezn\u0103dejdei, ci al optimismului \u0219i dorin\u021bei de a schimba ceva\u201d<\/h2>\n<p id=\"p-35\"><span><a href=\"https:\/\/www.mediafax.ro\/politic\/daniel-baluta-nu-e-un-simbol-al-deznadejdei-ci-al-optimismului-si-dorintei-de-a-schimba-ceva-23654153\">Daniel B\u0103lu\u021b\u0103<\/a><\/span>, candidatul PSD la Prim\u0103ria Capitalei, a votat duminic\u0103la orele pr\u00e2nzului \u0219i a transmis un mesaj de speran\u021b\u0103 pentru bucure\u0219teni. A subliniat importan\u021ba rezultatelor concrete \u00een fa\u021ba scandalurilor politice.<\/p>\n<p id=\"p-36\">\u201eEste o zi special\u0103 pentru noi to\u021bi, pentru bucure\u0219teni. Vreau s\u0103 le mul\u021bumesc din tot sufletul bucure\u0219tenilor care particip\u0103 ast\u0103zi la vot \u0219i tuturor celor care au fost al\u0103turi de mine \u00een aceast\u0103 campanie electoral\u0103, pentru c\u0103, \u00een sf\u00e2r\u0219it, a venit timpul ca rezultatele s\u0103 fie cele care conteaz\u0103\u201d, a declarat B\u0103lu\u021b\u0103.<\/p>\n<h2 id=\"chapter-14\">UPDATE ORA 12:00 \u2013 Prezen\u021b\u0103 la vot \u2013 9,61%<\/h2>\n<p id=\"p-37\">La ora 12:00, prezen\u0163a la vot pentru Alegerea Primarului Municipiului Bucure\u0219ti a ajuns la 9,61%, ceea ce \u00eenseamn\u0103 un total de 173.314 votan\u0163i. Dintre ace\u0219tia, 165.754 au votat pe liste permanente \u0219i complementare, 6.898 pe liste suplimentare, iar 662 prin intermediul urnei mobile.<\/p>\n<p id=\"p-38\">Distribu\u021bia pe gen arat\u0103 o mobilizare u\u0219or mai ridicat\u0103 \u00een r\u00e2ndul femeilor: 90.918 femei (52,14%) \u0219i 83.495 b\u0103rba\u021bi (47,86%).<\/p>\n<p id=\"p-39\">\u00cen ceea ce prive\u0219te grupele de v\u00e2rst\u0103, participarea este dominat\u0103 de electoratul matur \u0219i senior.<\/p>\n<p id=\"p-40\">Segmentul 18-24 de ani reprezint\u0103 2,82% din total, grupa 25-34 de ani ajunge la 6,72%, iar categoria 35-44 de ani la 14,97%.<\/p>\n<p id=\"p-41\">Cea mai mare participare vine din partea persoanelor \u00eentre 45-64 de ani (38,48%) \u0219i a celor de peste 65 de ani (37,01%), aceste dou\u0103 segmente cumul\u00e2nd peste trei sferturi din totalul votan\u021bilor de p\u00e2n\u0103 la pr\u00e2nz.<\/p>\n<p id=\"p-42\">Pe sectoare, prezen\u021ba difer\u0103 moderat: Sectorul 6 conduce cu 11,29%, urmat de Sectorul 1 (10,44%) \u0219i Sectorul 4 (10,52%).<\/p>\n<p id=\"p-43\">Cele mai sc\u0103zute valori se \u00eenregistreaz\u0103 \u00een Sectorul 3, cu 7,86%, \u0219i \u00een Sectorul 5, cu 8,92%.<br \/>Participarea continu\u0103 s\u0103 creasc\u0103 \u00eentr-un ritm constant, cu o mobilizare vizibil mai accentuat\u0103 \u00een r\u00e2ndul electoratului matur \u0219i al celui feminin.<\/p>\n<h3>Situa\u021bia din 9 iunie 2024<\/h3>\n<p id=\"p-44\">La aceea\u0219i or\u0103, \u00een cadrul Alegerilor pentru PMB din 9 iunie 2024, \u00een Municipiul Bucure\u0219ti, au votat \u00een total 232.694 de persoane.<\/p>\n<p id=\"p-45\">Dintre acestea, 126.520 femei (54,4%) \u0219i 107.821 b\u0103rba\u021bi (46,6%).<\/p>\n<p id=\"p-46\">Analiza pe grupe de v\u00e2rst\u0103 arat\u0103 diferen\u021be importante \u00een participare.<\/p>\n<p id=\"p-47\">Categoria 18-24 de ani a \u00eenregistrat aproximativ 3,01% din totalul votan\u021bilor, \u00een timp ce segmentul 25-34 de ani a reprezentat 8,31%.<\/p>\n<p id=\"p-48\">Prezen\u021ba cre\u0219tea progresiv la grupele adulte: 35-44 de ani au cumulat 16,38%, iar cea mai mare participare s-a \u00eenregistrat \u00een r\u00e2ndul persoanelor din intervalul 45-64 de ani, cu 36,46% din totalul voturilor.<\/p>\n<p id=\"p-49\">Seniorii de 65+ ani au avut, de asemenea, o mobilizare ridicat\u0103, ating\u00e2nd 35,85% din totalul votan\u021bilor.<\/p>\n<h2 id=\"chapter-15\">UPDATE \u2013 Avertismentul directorului Inscop<\/h2>\n<p id=\"p-50\"><span><a href=\"https:\/\/www.mediafax.ro\/economic\/am-putea-avea-o-prezenta-dezastruoasa-la-vot-avertisment-lansat-de-un-important-sociolog-23654112\">Remus \u0218tefureac<\/a><\/span>, directorul institutului de sondaje Inscop, a lansat un avertisment duminic\u0103, dup\u0103 primele ore de vot, c\u0103 e posibil\u0103 o prezen\u021b\u0103 la vot sub 30% dac\u0103 se p\u0103streaz\u0103 ritmul sc\u0103zut din orele dimine\u021bii la votul pentru prim\u0103ria Capitalei.<\/p>\n<h2 id=\"chapter-16\">UPDATE<\/h2>\n<p id=\"p-51\">Toate incidentele semnalate de MAI la alegeri sunt disponibile <span><a href=\"https:\/\/www.mediafax.ro\/politic\/update-primul-incident-la-alegeri-o-persoana-prinsa-cand-isi-poza-buletinul-de-vot-in-constanta-au-urmat-alte-18-sesizari-23654089\">aici<\/a>.<\/span><\/p>\n<h2 id=\"chapter-17\">UPDATE ORA 11:00 \u2013 Prezen\u021b\u0103 la vot \u2013 6,26%<\/h2>\n<p id=\"p-52\">La ora 11:00, prezen\u0163a la vot pentru Alegerea Primarului Municipiului Bucure\u0219ti a ajuns la 6,26%, reprezent\u00e2nd un total de 112.883 de votan\u0163i.<\/p>\n<p id=\"p-53\">Din totalul aleg\u0103torilor, 57.876 sunt femei (aproximativ 51,27%), iar 55.007 sunt b\u0103rba\u0163i (48,73%).<br \/>Participarea continu\u0103 s\u0103 creasc\u0103 \u00eentr-un ritm constant.<\/p>\n<h2 id=\"chapter-18\">UPDATE \u2013 C\u0103t\u0103lin Drul\u0103, la vot: \u201eS\u0103 \u021binem departe de Prim\u0103rie orice influen\u021be nefaste\u201d<\/h2>\n<p id=\"p-54\"><span><a href=\"https:\/\/www.mediafax.ro\/politic\/catalin-drula-la-vot-sa-tinem-departe-de-primarie-orice-influente-nefaste-23654058\" target=\"_blank\" rel=\"noopener\">C\u0103t\u0103lin Drul\u0103<\/a><\/span>, candidatul USR la Prim\u0103ria Capitalei, \u0219i-a exercitat dreptul de vot duminic\u0103 diminea\u021b\u0103 la o sec\u021bie de la Colegiul Tudor Vianu din Bucure\u0219ti, \u00eenso\u021bit de familie.<\/p>\n<p id=\"p-55\">\u201eCred c\u0103 aceste alegeri trebuie privite cu optimism, cu \u00eencredere \u00een viitor. \u00cei \u00eendemn pe bucure\u0219teni s\u0103 mearg\u0103 la vot, s\u0103 aleag\u0103 cu inima, cu \u00eencredere, pentru c\u0103 a\u0219a se construie\u0219te viitorul\u201d, a declarat Drul\u0103 dup\u0103 ce a votat.<\/p>\n<h2 id=\"chapter-19\">UPDATE \u2013 George Burcea: Am votat cu \u00eencredere \u00een Dumnezeu<\/h2>\n<p id=\"p-56\">Candiatul POT, <span><a href=\"https:\/\/www.mediafax.ro\/politic\/george-burcea-am-votat-cu-incredere-in-dumnezeu-23654048\">George Burcea<\/a><\/span>, a votat, duminic\u0103, la o sec\u021bie din Bucure\u0219ti, \u201ecu \u00eencredere \u00een Dumnezeu\u201d.<\/p>\n<p id=\"p-57\">\u201eAm votat cu inima, cu sufletul \u0219i cu \u00eencrederea \u00een Dumnezeu \u0219i cu faptul c\u0103 Bucure\u0219tiul se poate schimba prin noi\u201d, a spus Burcea, la ie\u0219irea de la urne.<\/p>\n<h2 id=\"chapter-20\">UPDATE ORA 10:00 \u2013 Num\u0103rul votan\u021bilor din capital\u0103 a dep\u0103sit 65.000<\/h2>\n<p id=\"p-58\">P\u00e2n\u0103 acum s-a \u00eenregistrat o prezen\u0163\u0103 la urne de 3,62%. Din cei 1.803.728 de aleg\u0103tori \u00eenscri\u015fi pe listele permanente \u0219i complementare, \u0219i-au exprimat votul un total de 65.323 de votan\u0163i.<\/p>\n<p id=\"p-59\">Dintre ace\u015ftia, 33.472 sunt femei \u015fi 31.851 sunt b\u0103rba\u0163i.<\/p>\n<p id=\"p-60\">Pe sectoare, situa\u021bia se prezint\u0103 astfel: Sectorul 1 \u2013 3,83%, Sectorul 2 \u2013 3,74%, Sectorul 3 \u2013 2,91%, Sectorul 4 \u2013 3,84%, Sectorul 5 \u2013 3,44%, iar Sectorul 6 \u2013 4,09%.<\/p>\n<h2 id=\"chapter-21\">UPDATE \u2013 Ana Ciceal\u0103, dup\u0103 vot: \u201eOra\u0219ul poate fi construit pentru viitor cu curaj \u0219i speran\u021b\u0103\u201d<\/h2>\n<p id=\"p-61\"><span><a href=\"https:\/\/www.mediafax.ro\/politic\/ana-ciceala-dupa-vot-orasul-poate-fi-construit-pentru-viitor-cu-curaj-si-speranta-23654022\">Ana Ciceal\u0103<\/a><\/span>, candidata partidului SENS la Prim\u0103ria Capitalei, a votat duminic\u0103 diminea\u021b\u0103 \u0219i a transmis un mesaj de \u00eencurajare c\u0103tre bucure\u0219teni, invit\u00e2ndu-i s\u0103 participe la scrutin c\u00e2t mai devreme pentru a evita aglomera\u021bia de seara.<\/p>\n<p id=\"p-62\">\u201eAm votat \u00eentr-un minut, a fost foarte u\u0219or s\u0103 vot\u0103m. \u00cencurajez pe to\u021bi bucure\u0219tenii s\u0103 fac\u0103 asta c\u00e2t mai devreme, s\u0103-\u0219i g\u0103seasc\u0103 sec\u021bia de vot pe registrulelectoral.ro, fiindc\u0103 la locale nu se poate vota \u00een orice sec\u021bie de vot\u201d, a declarat Ciceal\u0103.<\/p>\n<h2 id=\"chapter-22\">UPDATE \u2013 Ciprian Ciucu a votat pentru Prim\u0103ria Capitalei \u201ecu inima \u00eemp\u0103cat\u0103\u201d<\/h2>\n<p id=\"p-63\"><span><a href=\"https:\/\/www.mediafax.ro\/politic\/ciprian-ciucu-a-votat-pentru-primaria-capitalei-cu-inima-impacata-23654025\">Ciprian Ciucu<\/a><\/span> a votat, duminic\u0103, \u00een jurul orei 9, pentru primarul general. \u201eNu mai plou\u0103, veni\u021bi la vot\u201d, este \u00eendemnul lui Ciucu.<\/p>\n<p id=\"p-64\">Ciucu a spus c\u0103 a votat pentru integritate \u0219i face apel la bucure\u0219teni s\u0103 vin\u0103 s\u0103 voteze, pentru c\u0103 \u201enu mai plou\u0103\u201d.<\/p>\n<p id=\"p-65\">\u201eAm votat cu inima \u00eemp\u0103cat\u0103 pentru c\u0103 am f\u0103cut tot ce am putut \u00een aceast\u0103 campanie \u0219i \u00eei chem pe oameni la vot, s\u0103 vin\u0103 s\u0103 voteze, s\u0103-\u0219i exprime votul\u201d, a spus Ciucu.<\/p>\n<h2 id=\"chapter-23\">UPDATE ORA 09:00 \u2013 Prezen\u021b\u0103 la vot \u2013 1,87%<\/h2>\n<p id=\"p-66\">La ora 09:00, prezen\u0163a la Alegerile pentru PMB a atins 1,87%, cu 28.230 de votan\u0163i. Dintre ace\u015ftia, 17.105 sunt femei, iar 16.965 sunt b\u0103rba\u0163i.<\/p>\n<p id=\"p-67\">La aceea\u0219i ora, la alegerile anterioare din 2024 pentru Prim\u0103ria Capitalei, prezen\u0163a la vot a fost de 3,3%, ceea ce \u00eensemna un total de 58.842 de aleg\u0103tori, dintre care 28.520 de femei, iar 30.322 de b\u0103rba\u0163i.<\/p>\n<p id=\"p-68\">Pe listele permanente figurau la acea vreme 1.791.255 de aleg\u0103tori.<\/p>\n<h2 id=\"chapter-24\">UPDATE ORA 08:00 \u2013 15.916 votan\u021bi<\/h2>\n<p id=\"p-69\">Prezen\u021ba la vot \u00een Bucure\u0219ti a ajuns la 0,88%, cu un total de 15.916 votan\u021bi p\u00e2n\u0103 \u00een acest moment, cu o participare aproape egal\u0103 \u00eentre femei \u0219i b\u0103rba\u021bi. Analiza pe sectoare arat\u0103 diferen\u021be moderate \u00een mobilizarea aleg\u0103torilor.<\/p>\n<p id=\"p-70\">Sectorul 1 r\u0103m\u00e2ne \u00een frunte cu o prezen\u021b\u0103 de 0,98%, urmat de Sectorul 5 cu 0,95% \u0219i Sectorul 4 cu 0,94%. \u00cen Sectorul 2, prezen\u021ba este de 0,92%, iar \u00een Sectorul 6 de 0,84%. Cea mai sc\u0103zut\u0103 mobilizare se \u00eenregistreaz\u0103 \u00een Sectorul 3, unde prezen\u021ba este de 0,75%.<\/p>\n<h2 id=\"chapter-25\">UPDATE ORA 07:40 \u2013 Num\u0103rul votan\u021bilor din capital\u0103 a dep\u0103sit 12.000<\/h2>\n<p id=\"p-71\">P\u00e2n\u0103 acum s-a \u00eenregistrat o prezen\u0163\u0103 la urne de 0,68%, adic\u0103 12.138 votan\u021bi.<\/p>\n<h2 id=\"chapter-26\">UPDATE ORA 07:15 \u2013 Prezen\u021b\u0103 la vot \u2013 0,22%<\/h2>\n<p id=\"p-72\">\u00cen Municipiul Bucure\u0219ti sunt deschise 1.289 de sec\u021bii de vot, cu 1.779.080 de aleg\u0103tori \u00eenscri\u0219i pe listele permanente \u0219i 24.648 pe listele complementare.<\/p>\n<p id=\"p-73\">P\u00e2n\u0103 la 07:15, au votat 3.954 de persoane (2.480 pe liste permanente, 1.473 pe liste complementare \u0219i 1 prin urna mobil\u0103), corespunz\u00e2nd unei prezen\u021be de 0,22%.<\/p>\n<p id=\"p-74\">Participarea continu\u0103 s\u0103 creasc\u0103, cu o tendin\u021b\u0103 mai accentuat\u0103 \u00een r\u00e2ndul electoratului de v\u00e2rst\u0103 medie \u0219i al femeilor.<\/p>\n<h2 id=\"chapter-27\">UPDATE ORA 07:00 \u2013 Start vot<\/h2>\n<p id=\"p-75\">Ast\u0103zi au loc alegeri \u00een Bucure\u0219ti, dup\u0103 ce fostul primar general, <a href=\"https:\/\/www.mediafax.ro\/politic\/istoric-cum-s-a-votat-in-bucuresti-la-ultimele-alegeri-pentru-primaria-capitalei-si-ce-stim-despre-prezenta-23653604\">Nicu\u0219or Dan,<\/a> a fost ales pre\u0219edintele Rom\u00e2niei.<\/p>\n<p id=\"p-76\">Bucure\u0219tenii \u00ee\u0219i pot exercita dreptul de vot <strong>numai la sec\u0163ia de votare la care sunt aronda\u021bi potrivit adresei de domiciliu sau, dup\u0103 caz, a adresei de re\u0219edin\u021b\u0103<\/strong>, dac\u0103 aceasta a fost stabilit\u0103 cu cel pu\u021bin \u0219ase luni \u00eenaintea datei scrutinului, respectiv anterior datei de 7 iunie 2025, potrivit AEP.<\/p>\n<p id=\"p-77\">\u00cen <span><strong><a href=\"https:\/\/www.mediafax.ro\/politic\/alegeri-primaria-capitalei-2025-ce-atributii-are-primarul-general-al-capitalei-ce-poate-si-ce-nu-poate-decide-edilul-bucurestiului-23652252\">Bucure\u0219ti<\/a><\/strong><\/span> vor fi organizate 1.289 de sec\u021bii de votare.<\/p>\n<p id=\"p-78\">\u00cen Sectorul 1 sunt organizate 166 de sec\u0163ii, \u00een Sectorul 2 sunt 202, \u00een Sectorul 3 sunt 294, \u00een Sectorul 4 sunt 189, \u00een Sectorul 5 sunt 198, iar \u00een Sectorul 6 sunt 240.<\/p>\n<p id=\"p-79\">Potrivit datelor oficiale, \u00cen Bucure\u0219ti sunt \u00eenregistra\u021bi 1.779.080 de aleg\u0103tori, repartiza\u021bi pe cele \u0219ase sectoare astfel: 210.685 \u00een Sectorul 1, 292.894 \u00een Sectorul 2, 440.813 \u00een Sectorul 3, 269.362 \u00een Sectorul 4, 239.783 \u00een Sectorul 5 \u0219i 325.543 \u00een Sectorul 6.<\/p>\n<p id=\"p-80\"><strong><span class=\"cf2\">Votarea se desf\u0103\u0219oar\u0103&nbsp;<\/span><span class=\"cf1\">\u00eentre orele 7:00 <\/span><\/strong><span class=\"cf2\"><strong>\u0219i 21:00<\/strong>.<\/span><\/p>\n<h2 id=\"chapter-28\">Acte necesare<\/h2>\n<p id=\"p-81\">Aleg\u0103torii care merg la urne&nbsp;pot vota doar dac\u0103 prezint\u0103 un<strong><span> <a href=\"https:\/\/www.mediafax.ro\/politic\/cu-ce-documente-poti-vota-la-alegerile-de-duminica-ce-faci-daca-ai-buletin-expirat-sau-doar-carte-provizorie-23652705\">act de identitate valabil<\/a><\/span><\/strong> \u00een ziua scrutinului.<\/p>\n<p id=\"p-82\">Sunt recunoscute&nbsp;<strong>cartea de identitate,<\/strong>&nbsp;<strong>cartea electronic\u0103 de identitate, cartea de identitate provizorie, buletinul de identitate, pa\u0219aportul diplomatic, pa\u0219aportul diplomatic electronic, precum \u0219i pa\u0219aportul de serviciu sau pa\u0219aportul de serviciu electronic.<\/strong><\/p>\n<p id=\"p-83\">Elevii din \u0219colile militare pot vota cu carnetul de serviciu militar.<\/p>\n<p id=\"p-84\">Autorit\u0103\u021bile precizeaz\u0103 c\u0103 pa\u0219aportul simplu \u0219i pa\u0219aportul simplu electronic (turistic)&nbsp;<strong data-start=\"732\" data-end=\"761\">nu pot fi folosite la vot<\/strong>.<\/p>\n<p id=\"p-85\">Cet\u0103\u021benii Uniunii Europene cu domiciliul sau re\u0219edin\u021ba \u00een Rom\u00e2nia \u00ee\u0219i pot exercita dreptul de vot la alegerile locale \u00een acelea\u0219i condi\u021bii ca cet\u0103\u021benii rom\u00e2ni, cu respectarea obliga\u021biilor legale de \u00eenregistrare \u0219i de prezentare a documentelor prev\u0103zute de lege.<\/p>\n<h2 id=\"chapter-29\">Cum afli la ce sec\u021bie de votare e\u0219ti arondat?<\/h2>\n<p id=\"p-86\">La aceste alegeri, aleg\u0103torii pot vota la sec\u021bia unde sunt aronda\u021bi conform domiciliului sau re\u0219edin\u021bei. De obicei, o persoan\u0103 este inclus\u0103 pe lista permanent\u0103 pe baza domiciliului, dar dac\u0103 \u0219i-a \u00eenregistrat re\u0219edin\u021ba la prim\u0103rie, va fi alocat\u0103 unei sec\u021bii conform <strong><span><a href=\"https:\/\/www.mediafax.ro\/politic\/alegeri-primaria-bucuresti-2025-cum-poti-vota-daca-ai-viza-de-flotant-23653265\">adresei de re\u0219edin\u021b\u0103<\/a><\/span><\/strong>.<\/p>\n<p id=\"p-87\">Aceste informa\u021bii se reg\u0103sesc \u00een Registrul Electoral, care poate fi consultat pe pagina <a href=\"https:\/\/www.registrulelectoral.ro\/\" target=\"_blank\" rel=\"noopener\">www.registrulelectoral.ro.<\/a>&nbsp;Pe aceast\u0103 pagin\u0103 trebuie completate c\u00e2mpurile cerute: CNP, Numele de familie \u0219i trebuie aleas\u0103 op\u021biunea de \u201eAlegeri locale par\u021biale 07.12.2025\u201d.<\/p>\n<h2 id=\"chapter-30\" class=\"pf0\"><span class=\"cf2\">Cum se desf\u0103\u0219oar\u0103 votul<\/span><\/h2>\n<p id=\"p-88\" class=\"pf0\"><span class=\"cf2\">La intrarea&nbsp;<\/span><span class=\"cf1\">\u00een sec<\/span><span class=\"cf2\">\u021bia de <\/span>votare<span class=\"cf2\">, actul de identitate este scanat \u0219i verificat&nbsp;<\/span><span class=\"cf1\">\u00een Sistemul informatic de monitorizare a prezen<\/span><span class=\"cf2\">\u021bei la vot (SIMPV).&nbsp;<\/span><span class=\"cf1\">\u00cen urma verific<\/span><span class=\"cf2\">\u0103rii&nbsp;<\/span><span class=\"cf1\">\u00eenscrierii aleg<\/span><span class=\"cf2\">\u0103torului&nbsp;<\/span><span class=\"cf1\">\u00een listele electorale, acesta semneaz<\/span><span class=\"cf2\">\u0103&nbsp;<\/span><span class=\"cf1\">\u00een lista corespunz<\/span><span class=\"cf2\">\u0103toare, dup\u0103 care prime\u0219te buletinul de vot \u0219i \u0219tampila cu men\u021biunea&nbsp;<\/span><span class=\"cf3\">\u201eVOTAT\u201d.<\/span><\/p>\n<p id=\"p-89\" class=\"pf0\"><span class=\"cf3\">Votul se exprim<\/span><span class=\"cf2\">\u0103&nbsp;<\/span><span class=\"cf1\">\u00een cabina de vot, prin aplicarea&nbsp;<\/span><span class=\"cf2\">\u0219tampilei&nbsp;<\/span><span class=\"cf3\">\u201eVOTAT\u201d&nbsp;<\/span><span class=\"cf1\">\u00een interiorul patrulaterului corespunz<\/span><span class=\"cf2\">\u0103tor op\u021biunii alese. Buletinul de vot pliat se introduce&nbsp;<\/span><span class=\"cf1\">\u00een urn<\/span><span class=\"cf2\">\u0103, iar \u0219tampila se restituie membrilor biroului electoral al sec\u021biei de votare.<\/span><\/p>\n<p align=\"justify\" id=\"p-90\"><b>Este interzis\u0103 fotografierea sau filmarea buletinului de vot, precum \u0219i orice form\u0103 de divulgare a op\u021biunii de vot \u00een incinta sec\u021biei de votare<\/b>.<\/p>\n<p align=\"justify\" id=\"p-91\">Aleg\u0103torii care, din motive obiective, nu pot vota singuri pot fi \u00eenso\u021bi\u021bi \u00een cabina de vot de o persoan\u0103 aleas\u0103 de ei, alta dec\u00e2t membrii biroului electoral, candida\u021bii sau persoanele acreditate.<\/p>\n<h2 id=\"chapter-31\"><strong>Buletinul de vot pentru Prim\u0103ria Capitalei<\/strong><\/h2>\n<p id=\"p-92\"><span><strong><a href=\"https:\/\/www.mediafax.ro\/politic\/cum-arata-buletinul-de-vot-la-alegerile-pentru-primaria-capitalei-pe-ce-loc-sunt-candidatii-principali-si-cum-s-a-stabilit-ordinea-23653087\">Buletinul de vot<\/a><\/strong><\/span> pe care \u00eel vor primi bucure\u0219tenii la aceste alegeri include <span><strong><a href=\"https:\/\/www.mediafax.ro\/politic\/ce-averi-au-candidatii-la-primaria-capitalei-23652454\">17 candida\u021bi<\/a><\/strong><\/span> din care s\u0103 \u00ee\u0219i aleag\u0103 preferatul pentru a ocupa func\u021bia de primar general.<\/p>\n<p id=\"p-93\">Validarea \u0219i ordinea de pe buletine au fost finalizate \u00eenainte de retragerea anun\u021bat\u0103 de doi dintre ei, respectiv independen\u021bii Vlad Gheorghe \u0219i Orlando Teodorovici.<\/p>\n<p id=\"p-94\">Aleg\u0103torii vor avea pe buletin opt candida\u021bi distribui\u021bi pe dou\u0103 file, plus \u00eenc\u0103 unul pe a treia fil\u0103.<\/p>\n<ol>\n<li>C\u0103t\u0103lin Drul\u0103 \u2013 Uniunea Salva\u021bi Rom\u00e2nia (USR),<\/li>\n<li>Daniel B\u0103lu\u021b\u0103 \u2013 Partidul Social Democrat (PSD),<\/li>\n<li>George Burcea \u2013 Partidul Oamenilor Tineri (POT),<\/li>\n<li>Ciprian Ciucu \u2013 Partidul Na\u021bional Liberal (PNL),<\/li>\n<li>Ana-Maria Ciceal\u0103 \u2013 S\u0103n\u0103tate Educa\u021bie Natur\u0103 Sustenabilitate (SENS),<\/li>\n<li>Liviu Gheorghe Florea \u2013 Partidul Na\u021bional \u021a\u0103r\u0103nesc Maniu Mihalache (PN\u021aMM),<\/li>\n<li>Gheorghe Macovei \u2013 Partidul Rom\u00e2nia Mare (PRM),<\/li>\n<li>Oana Cre\u021bu \u2013 Partidul Social Democrat Unit (PSDU),<\/li>\n<li>Mihai Lasca \u2013 Patrio\u021bii Poporului Rom\u00e2n (PPR),<\/li>\n<li>Rare\u0219 Laz\u0103r \u2013 Partidul Rom\u00e2nia \u00een Ac\u021biune (PRA),<\/li>\n<li>Anca Alexandrescu \u2013 Alian\u021ba electoral\u0103 \u201eDreptate pentru Bucure\u0219ti\u201d,<\/li>\n<li>Dan Trifu \u2013 candidat independent,<\/li>\n<li>Eugen Orlando Teodorovici \u2013 candidat independent,<\/li>\n<li>Gheorghe Ne\u021boiu \u2013 candidat independent,<\/li>\n<li>Vlad Gheorghe \u2013 candidat independent,<\/li>\n<li>Angela Negrot\u0103 \u2013 candidat independent,<\/li>\n<li>Filip Titian \u2013 candidat independent.<\/li>\n<\/ol>\n<p id=\"p-95\">Mai multe detalii despre candida\u021bi g\u0103si\u021bi <span><strong><a href=\"https:\/\/www.mediafax.ro\/politic\/alegeri-primaria-capitalei-2025-cine-sunt-cei-17-candidati-si-ce-loc-ocupa-pe-buletinele-de-vot-23651775\">AICI<\/a><\/strong><\/span>.<\/p>\n","protected":false},"excerpt":{"rendered":"<p>UPDATE Director Inscop: Va c\u00e2\u0219tiga cine a f\u0103cut ceva treab\u0103 \u00een Bucure\u0219ti Directorul INSCOP a comentat cifrele momentului \u0219i a precizat c\u0103 nu vor fi mari surprize. Cifrele actuale sunt &hellip; <a href=\"https:\/\/microscopemedia.com\/?p=665095\" class=\"more-link\">Read More<\/a><\/p>\n","protected":false},"author":1,"featured_media":665096,"comment_status":"closed","ping_status":"closed","sticky":false,"template":"Default","format":"standard","meta":[],"categories":[1],"tags":[],"_links":{"self":[{"href":"https:\/\/microscopemedia.com\/index.php?rest_route=\/wp\/v2\/posts\/665095"}],"collection":[{"href":"https:\/\/microscopemedia.com\/index.php?rest_route=\/wp\/v2\/posts"}],"about":[{"href":"https:\/\/microscopemedia.com\/index.php?rest_route=\/wp\/v2\/types\/post"}],"author":[{"embeddable":true,"href":"https:\/\/microscopemedia.com\/index.php?rest_route=\/wp\/v2\/users\/1"}],"replies":[{"embeddable":true,"href":"https:\/\/microscopemedia.com\/index.php?rest_route=%2Fwp%2Fv2%2Fcomments&post=665095"}],"version-history":[{"count":0,"href":"https:\/\/microscopemedia.com\/index.php?rest_route=\/wp\/v2\/posts\/665095\/revisions"}],"wp:featuredmedia":[{"embeddable":true,"href":"https:\/\/microscopemedia.com\/index.php?rest_route=\/wp\/v2\/media\/665096"}],"wp:attachment":[{"href":"https:\/\/microscopemedia.com\/index.php?rest_route=%2Fwp%2Fv2%2Fmedia&parent=665095"}],"wp:term":[{"taxonomy":"category","embeddable":true,"href":"https:\/\/microscopemedia.com\/index.php?rest_route=%2Fwp%2Fv2%2Fcategories&post=665095"},{"taxonomy":"post_tag","embeddable":true,"href":"https:\/\/microscopemedia.com\/index.php?rest_route=%2Fwp%2Fv2%2Ftags&post=665095"}],"curies":[{"name":"wp","href":"https:\/\/api.w.org\/{rel}","templated":true}]}}