{"id":665109,"date":"2025-12-07T18:06:04","date_gmt":"2025-12-07T18:06:04","guid":{"rendered":"https:\/\/microscopemedia.com\/?p=665109"},"modified":"2025-12-07T18:06:04","modified_gmt":"2025-12-07T18:06:04","slug":"un-tanar-de-17-ani-a-fost-retinut-pentru-distrugerea-a-27-de-masini-in-targu-jiu","status":"publish","type":"post","link":"https:\/\/microscopemedia.com\/?p=665109","title":{"rendered":"Un t\u00e2n\u0103r de 17 ani a fost re\u021binut pentru distrugerea a 27 de ma\u0219ini \u00een T\u00e2rgu Jiu"},"content":{"rendered":"<div><img decoding=\"async\" src=\"https:\/\/microscopemedia.com\/wp-content\/uploads\/2025\/12\/un-tanar-de-17-ani-a-fost-retinut-pentru-distrugerea-a-27-de-masini-in-targu-jiu.jpg\" class=\"ff-og-image-inserted\"><\/div>\n<p class=\"pf0\" id=\"p-1\"><span class=\"cf1\">Poli<\/span><span class=\"cf2\">\u021bi\u0219tii au fost sesiza\u021bi duminic\u0103 diminea\u021ba cu privire la faptul c\u0103 mai multe ma\u0219ini au fost distruse pe o strad\u0103 din T<\/span><span class=\"cf1\">\u00e2rgu Jiu.<\/span><\/p>\n<p class=\"pf0\" id=\"p-2\"><span class=\"cf1\">\u00cen noaptea de s\u00e2mb<\/span><span class=\"cf2\">\u0103t\u0103 spre duminic\u0103, persoane necunoscute ar fi distrus prin rupere \u0219i spargere, parbrize, geamuri laterale sau oglinzi laterale a 27 de autoturisme ce se aflau parcate pe strada Termocentralei \u0219i Aleea Digului.<\/span><\/p>\n<p class=\"pf0\" id=\"p-3\"><span class=\"cf2\">Poli\u021bi\u0219tii au <\/span><span class=\"cf1\">\u00eentocmit dosar de cercetare penal<\/span><span class=\"cf2\">\u0103 sub aspectul s\u0103v<\/span><span class=\"cf1\">\u00e2r<\/span><span class=\"cf2\">\u0219irii infrac\u021biunii&nbsp;de&nbsp;distrugere.<\/span><\/p>\n<p class=\"pf0\" id=\"p-4\"><span class=\"cf1\">\u00cen urma cercet<\/span><span class=\"cf2\">\u0103rilor f\u0103cute suspectul a fost identificat. Este vorba de un t<\/span><span class=\"cf1\">\u00e2n<\/span><span class=\"cf2\">\u0103r de 17 ani.<\/span><\/p>\n<p class=\"pf0\" id=\"p-5\"><span class=\"cf2\">Acesta a fost re\u021binut de poli\u021bi\u0219ti, iar luni va fi prezentat Parchetului de pe l<\/span><span class=\"cf1\">\u00e2ng<\/span><span class=\"cf2\">\u0103 Judec\u0103toria T<\/span><span class=\"cf1\">\u00e2rgu Jiu.<\/span><\/p>\n","protected":false},"excerpt":{"rendered":"<p>Poli\u021bi\u0219tii au fost sesiza\u021bi duminic\u0103 diminea\u021ba cu privire la faptul c\u0103 mai multe ma\u0219ini au fost distruse pe o strad\u0103 din T\u00e2rgu Jiu. \u00cen noaptea de s\u00e2mb\u0103t\u0103 spre duminic\u0103, persoane &hellip; <a href=\"https:\/\/microscopemedia.com\/?p=665109\" class=\"more-link\">Read More<\/a><\/p>\n","protected":false},"author":1,"featured_media":665110,"comment_status":"closed","ping_status":"closed","sticky":false,"template":"Default","format":"standard","meta":[],"categories":[1],"tags":[],"_links":{"self":[{"href":"https:\/\/microscopemedia.com\/index.php?rest_route=\/wp\/v2\/posts\/665109"}],"collection":[{"href":"https:\/\/microscopemedia.com\/index.php?rest_route=\/wp\/v2\/posts"}],"about":[{"href":"https:\/\/microscopemedia.com\/index.php?rest_route=\/wp\/v2\/types\/post"}],"author":[{"embeddable":true,"href":"https:\/\/microscopemedia.com\/index.php?rest_route=\/wp\/v2\/users\/1"}],"replies":[{"embeddable":true,"href":"https:\/\/microscopemedia.com\/index.php?rest_route=%2Fwp%2Fv2%2Fcomments&post=665109"}],"version-history":[{"count":0,"href":"https:\/\/microscopemedia.com\/index.php?rest_route=\/wp\/v2\/posts\/665109\/revisions"}],"wp:featuredmedia":[{"embeddable":true,"href":"https:\/\/microscopemedia.com\/index.php?rest_route=\/wp\/v2\/media\/665110"}],"wp:attachment":[{"href":"https:\/\/microscopemedia.com\/index.php?rest_route=%2Fwp%2Fv2%2Fmedia&parent=665109"}],"wp:term":[{"taxonomy":"category","embeddable":true,"href":"https:\/\/microscopemedia.com\/index.php?rest_route=%2Fwp%2Fv2%2Fcategories&post=665109"},{"taxonomy":"post_tag","embeddable":true,"href":"https:\/\/microscopemedia.com\/index.php?rest_route=%2Fwp%2Fv2%2Ftags&post=665109"}],"curies":[{"name":"wp","href":"https:\/\/api.w.org\/{rel}","templated":true}]}}