{"id":665111,"date":"2025-12-07T18:16:04","date_gmt":"2025-12-07T18:16:04","guid":{"rendered":"https:\/\/microscopemedia.com\/?p=665111"},"modified":"2025-12-07T18:16:04","modified_gmt":"2025-12-07T18:16:04","slug":"seful-statului-major-al-armatei-israeliene-anunta-unde-va-fi-granita-dintre-israel-si-fasia-gaza","status":"publish","type":"post","link":"https:\/\/microscopemedia.com\/?p=665111","title":{"rendered":"\u0218eful Statului Major al Armatei Israeliene anun\u021b\u0103 unde va fi grani\u021ba dintre Israel \u0219i F\u00e2\u0219ia Gaza"},"content":{"rendered":"<div><img decoding=\"async\" src=\"https:\/\/microscopemedia.com\/wp-content\/uploads\/2025\/12\/seful-statului-major-al-armatei-israeliene-anunta-unde-va-fi-granita-dintre-israel-si-fasia-gaza.jpg\" class=\"ff-og-image-inserted\"><\/div>\n<p id=\"p-0\">Conform unei declara\u021bii de duminic\u0103 a \u0219efului Statului Major al armatei israeliene, Eyal Zamir, Linia Galben\u0103 din F\u00e2\u0219ia Gaza este \u201enoua grani\u021b\u0103\u201d cu Israelul. Declara\u021bia apare \u00eentr-un comunicat militar citat de <a href=\"https:\/\/www.lefigaro.fr\/international\/conflit-israel-hamas-le-chef-de-l-armee-israelienne-affirme-que-la-ligne-jaune-de-demarcation-dans-gaza-est-la-nouvelle-frontiere-20251207\" target=\"_blank\" rel=\"noopener\">Le Figaro<\/a>.<\/p>\n<p id=\"p-1\">Vorbind \u00een fa\u021ba militarilor \u00een rezerv\u0103 din F\u00e2\u0219ia Gaza, generalul-locotenent Eyal Zamir a declarat c\u0103 \u201eLinia Galben\u0103 constituie o nou\u0103 grani\u021b\u0103 \u2013 o linie avansat\u0103 de ap\u0103rare pentru a\u0219ez\u0103rile (israeliene) \u0219i o linie de atac\u201d.<\/p>\n<p id=\"p-2\">Potrivit acordului de \u00eencetare a focului cu Hamas, trupele israeliene ar trebui s\u0103 se retrag\u0103 din F\u00e2\u0219ia Gaza \u00een etape. Asta dup\u0103 o retragere ini\u021bial\u0103 \u00een teritoriul marcat de Linia Galben\u0103, care a intrat \u00een vigoare dup\u0103 \u00eencetarea focului din 10 octombrie.<\/p>\n<p id=\"p-3\">Premierul israelian Benjamin Netanyahu a anun\u021bat recent c\u0103 inten\u021bioneaz\u0103 s\u0103 treac\u0103 \u201efoarte cur\u00e2nd\u201d la a doua faz\u0103 a armisti\u021biului din F\u00e2\u0219ia Gaza.<\/p>\n","protected":false},"excerpt":{"rendered":"<p>Conform unei declara\u021bii de duminic\u0103 a \u0219efului Statului Major al armatei israeliene, Eyal Zamir, Linia Galben\u0103 din F\u00e2\u0219ia Gaza este \u201enoua grani\u021b\u0103\u201d cu Israelul. Declara\u021bia apare \u00eentr-un comunicat militar citat &hellip; <a href=\"https:\/\/microscopemedia.com\/?p=665111\" class=\"more-link\">Read More<\/a><\/p>\n","protected":false},"author":1,"featured_media":665112,"comment_status":"closed","ping_status":"closed","sticky":false,"template":"Default","format":"standard","meta":[],"categories":[1],"tags":[],"_links":{"self":[{"href":"https:\/\/microscopemedia.com\/index.php?rest_route=\/wp\/v2\/posts\/665111"}],"collection":[{"href":"https:\/\/microscopemedia.com\/index.php?rest_route=\/wp\/v2\/posts"}],"about":[{"href":"https:\/\/microscopemedia.com\/index.php?rest_route=\/wp\/v2\/types\/post"}],"author":[{"embeddable":true,"href":"https:\/\/microscopemedia.com\/index.php?rest_route=\/wp\/v2\/users\/1"}],"replies":[{"embeddable":true,"href":"https:\/\/microscopemedia.com\/index.php?rest_route=%2Fwp%2Fv2%2Fcomments&post=665111"}],"version-history":[{"count":0,"href":"https:\/\/microscopemedia.com\/index.php?rest_route=\/wp\/v2\/posts\/665111\/revisions"}],"wp:featuredmedia":[{"embeddable":true,"href":"https:\/\/microscopemedia.com\/index.php?rest_route=\/wp\/v2\/media\/665112"}],"wp:attachment":[{"href":"https:\/\/microscopemedia.com\/index.php?rest_route=%2Fwp%2Fv2%2Fmedia&parent=665111"}],"wp:term":[{"taxonomy":"category","embeddable":true,"href":"https:\/\/microscopemedia.com\/index.php?rest_route=%2Fwp%2Fv2%2Fcategories&post=665111"},{"taxonomy":"post_tag","embeddable":true,"href":"https:\/\/microscopemedia.com\/index.php?rest_route=%2Fwp%2Fv2%2Ftags&post=665111"}],"curies":[{"name":"wp","href":"https:\/\/api.w.org\/{rel}","templated":true}]}}