{"id":665131,"date":"2025-12-07T20:27:03","date_gmt":"2025-12-07T20:27:03","guid":{"rendered":"https:\/\/microscopemedia.com\/?p=665131"},"modified":"2025-12-07T20:27:03","modified_gmt":"2025-12-07T20:27:03","slug":"ciucu-dezvaluie-nicusor-dan-nu-l-a-votat-pe-drula-la-primaria-capitalei-pe-cine-ar-fi-votat-in-realitate","status":"publish","type":"post","link":"https:\/\/microscopemedia.com\/?p=665131","title":{"rendered":"Ciucu dezv\u0103luie: Nicu\u0219or Dan nu l-a votat pe Drul\u0103 la Prim\u0103ria Capitalei. Pe cine ar fi votat \u00een realitate"},"content":{"rendered":"<div><img decoding=\"async\" src=\"https:\/\/microscopemedia.com\/wp-content\/uploads\/2025\/12\/ciucu-dezvaluie-nicusor-dan-nu-l-a-votat-pe-drula-la-primaria-capitalei-pe-cine-ar-fi-votat-in-realitate.jpg\" class=\"ff-og-image-inserted\"><\/div>\n<p id=\"p-0\">Candidatul PNL, Ciprian Ciucu, dat c\u00e2\u0219tig\u0103tor al alegerilor pentru Prim\u0103ria Capitalei \u00een exit-poll-urile de la ora 21:00, a fost \u00eentrebat de jurnali\u0219ti dac\u0103 acesta crede c\u0103 pre\u0219edintele Nicu\u0219or Dan l-a votat pe C\u0103t\u0103lin Drul\u0103.<\/p>\n<p id=\"p-1\">\u201e<strong>Nu, \u0219tiu c\u0103 a votat-o pe Ana Ciceal\u0103 (candidata SENS \u2013 n.r.). A\u0219a am auzit<\/strong>\u201d, a fost r\u0103spunsul lui Ciprian Ciucu.<\/p>\n<p id=\"p-2\">Conform datelor exit-poll comunicate de CURS-Avangarde, liberalul Ciprian Ciucu a c\u00e2\u0219tigat alegerile pentru Prim\u0103ria Bucure\u0219ti, av\u00e2nd peste cinci procente \u00een fa\u021ba contracandidatului de la PSD, Daniel B\u0103lu\u021b\u0103. Pe locul trei este situat\u0103 independenta sus\u021binut\u0103 de AUR, Anca Alexandrescu.<\/p>\n<h2 id=\"chapter-0\">Ciucu, dup\u0103 exit-poll-uri: \u201eO s\u0103 avem mult de munc\u0103 la Prim\u0103ria Bucure\u0219ti\u201d<\/h2>\n<p id=\"p-3\">\u201eAcest vot m\u0103 responsabilizeaz\u0103, le mul\u021bumesc bucure\u0219tenilor \u0219i celor care m-au sus\u021binut \u00een aceast\u0103 campanie, vreau s\u0103 dau un mesaj de unitate pentru partidele din coali\u021bia de guvernare, o s\u0103 avem mult de munc\u0103 la Prim\u0103ria Bucure\u0219ti, multe proiecte de trecut\u201d, a declarat Ciprian Ciucu, dup\u0103 <span><a href=\"https:\/\/www.mediafax.ro\/breaking-news\/reactia-lui-ciucu-dupa-publicarea-exit-poll-urilor-i-am-promis-lui-bolojan-ca-nu-o-sa-l-fac-de-ras-visul-vietii-mele-se-intampla-23654372\">primele exit-poll-uri<\/a><\/span>.<\/p>\n<p id=\"p-4\">Rezultatele num\u0103r\u0103torii oficiale a voturilor poate fi urm\u0103rit\u0103<span><a href=\"https:\/\/www.mediafax.ro\/politic\/alegeri-primaria-bucuresti-2025-apar-primele-rezultate-20-din-sectii-ciprian-ciucu-isi-mareste-diferenta-anca-alexandrescu-este-pe-doi-23654105\"> AICI<\/a><\/span>.<\/p>\n","protected":false},"excerpt":{"rendered":"<p>Candidatul PNL, Ciprian Ciucu, dat c\u00e2\u0219tig\u0103tor al alegerilor pentru Prim\u0103ria Capitalei \u00een exit-poll-urile de la ora 21:00, a fost \u00eentrebat de jurnali\u0219ti dac\u0103 acesta crede c\u0103 pre\u0219edintele Nicu\u0219or Dan l-a &hellip; <a href=\"https:\/\/microscopemedia.com\/?p=665131\" class=\"more-link\">Read More<\/a><\/p>\n","protected":false},"author":1,"featured_media":665132,"comment_status":"closed","ping_status":"closed","sticky":false,"template":"Default","format":"standard","meta":[],"categories":[1],"tags":[],"_links":{"self":[{"href":"https:\/\/microscopemedia.com\/index.php?rest_route=\/wp\/v2\/posts\/665131"}],"collection":[{"href":"https:\/\/microscopemedia.com\/index.php?rest_route=\/wp\/v2\/posts"}],"about":[{"href":"https:\/\/microscopemedia.com\/index.php?rest_route=\/wp\/v2\/types\/post"}],"author":[{"embeddable":true,"href":"https:\/\/microscopemedia.com\/index.php?rest_route=\/wp\/v2\/users\/1"}],"replies":[{"embeddable":true,"href":"https:\/\/microscopemedia.com\/index.php?rest_route=%2Fwp%2Fv2%2Fcomments&post=665131"}],"version-history":[{"count":0,"href":"https:\/\/microscopemedia.com\/index.php?rest_route=\/wp\/v2\/posts\/665131\/revisions"}],"wp:featuredmedia":[{"embeddable":true,"href":"https:\/\/microscopemedia.com\/index.php?rest_route=\/wp\/v2\/media\/665132"}],"wp:attachment":[{"href":"https:\/\/microscopemedia.com\/index.php?rest_route=%2Fwp%2Fv2%2Fmedia&parent=665131"}],"wp:term":[{"taxonomy":"category","embeddable":true,"href":"https:\/\/microscopemedia.com\/index.php?rest_route=%2Fwp%2Fv2%2Fcategories&post=665131"},{"taxonomy":"post_tag","embeddable":true,"href":"https:\/\/microscopemedia.com\/index.php?rest_route=%2Fwp%2Fv2%2Ftags&post=665131"}],"curies":[{"name":"wp","href":"https:\/\/api.w.org\/{rel}","templated":true}]}}