{"id":665135,"date":"2025-12-07T20:56:04","date_gmt":"2025-12-07T20:56:04","guid":{"rendered":"https:\/\/microscopemedia.com\/?p=665135"},"modified":"2025-12-07T20:56:04","modified_gmt":"2025-12-07T20:56:04","slug":"ciucu-despre-sondaje-in-trecut-partidul-meu-a-mai-gresit-la-aceste-alegeri-nu-am-mers-cu-rezultate-false","status":"publish","type":"post","link":"https:\/\/microscopemedia.com\/?p=665135","title":{"rendered":"Ciucu, despre sondaje: \u00cen trecut partidul meu a mai gre\u0219it, la aceste alegeri nu am mers cu rezultate false"},"content":{"rendered":"<div><img decoding=\"async\" src=\"https:\/\/microscopemedia.com\/wp-content\/uploads\/2025\/12\/ciucu-despre-sondaje-in-trecut-partidul-meu-a-mai-gresit-la-aceste-alegeri-nu-am-mers-cu-rezultate-false.jpg\" class=\"ff-og-image-inserted\"><\/div>\n<p id=\"p-0\">Declara\u021bia a fost f\u0103cut\u0103 duminic\u0103 seara la Antena 3 CNN.<\/p>\n<p id=\"p-1\">\u201ePartidul meu \u00een trecut a mai gre\u0219it (\u2026)&nbsp; nu am mers cu sondaje false\u201d, a spus Ciprian Ciucu.<\/p>\n<p id=\"p-2\">El a dezv\u0103luit c\u0103 PNL a pl\u0103tit un sondaj care o d\u0103dea pe independenta Anca Alexandrescu pe locul doi, la mic\u0103 diferen\u021b\u0103 de liberal.<\/p>\n<p id=\"p-3\">\u201eAm t\u0103cut din gur\u0103 pentru c\u0103 mi se arunca \u00een spate trecutul partidului meu\u201d, a explicat Ciucu.<\/p>\n<p id=\"p-4\">\u201eOk am gre\u0219it \u00een trecut, \u00eemi cer scuze \u00een numele colegilor mei\u201d, a mai spus Ciucu ad\u0103ug\u00e2nd c\u0103 din momentul \u00een care Ilie Bolojan a devenit liderul PNL \u201eam luat decizia s\u0103 nu mai coaf\u0103m sondajele\u201d.<\/p>\n<p id=\"p-5\">\u201eNu am min\u021bit prin sondaje, nu vom min\u021bi prin sondaje&nbsp; \u00een cel mai r\u0103u caz dac\u0103 nu ne convine rezultatul unui sondaj nu \u00eel facem public\u201d, a precizat Ciprian Ciucu.<\/p>\n<p id=\"p-6\">Exit-poll-urile arat\u0103 c\u0103 liberalul Ciprian Ciucu a c\u00e2\u0219tigat deta\u0219at alegerile pentru Prim\u0103ria Bucure\u0219ti av\u00e2nd peste 10 procente \u00een fa\u021ba candidatului PSD, Daniel B\u0103lu\u021b, \u0219i a independentei sus\u021binute de AUR, Anca Alexandrescu.<\/p>\n","protected":false},"excerpt":{"rendered":"<p>Declara\u021bia a fost f\u0103cut\u0103 duminic\u0103 seara la Antena 3 CNN. \u201ePartidul meu \u00een trecut a mai gre\u0219it (\u2026)&nbsp; nu am mers cu sondaje false\u201d, a spus Ciprian Ciucu. El a &hellip; <a href=\"https:\/\/microscopemedia.com\/?p=665135\" class=\"more-link\">Read More<\/a><\/p>\n","protected":false},"author":1,"featured_media":665136,"comment_status":"closed","ping_status":"closed","sticky":false,"template":"Default","format":"standard","meta":[],"categories":[1],"tags":[],"_links":{"self":[{"href":"https:\/\/microscopemedia.com\/index.php?rest_route=\/wp\/v2\/posts\/665135"}],"collection":[{"href":"https:\/\/microscopemedia.com\/index.php?rest_route=\/wp\/v2\/posts"}],"about":[{"href":"https:\/\/microscopemedia.com\/index.php?rest_route=\/wp\/v2\/types\/post"}],"author":[{"embeddable":true,"href":"https:\/\/microscopemedia.com\/index.php?rest_route=\/wp\/v2\/users\/1"}],"replies":[{"embeddable":true,"href":"https:\/\/microscopemedia.com\/index.php?rest_route=%2Fwp%2Fv2%2Fcomments&post=665135"}],"version-history":[{"count":0,"href":"https:\/\/microscopemedia.com\/index.php?rest_route=\/wp\/v2\/posts\/665135\/revisions"}],"wp:featuredmedia":[{"embeddable":true,"href":"https:\/\/microscopemedia.com\/index.php?rest_route=\/wp\/v2\/media\/665136"}],"wp:attachment":[{"href":"https:\/\/microscopemedia.com\/index.php?rest_route=%2Fwp%2Fv2%2Fmedia&parent=665135"}],"wp:term":[{"taxonomy":"category","embeddable":true,"href":"https:\/\/microscopemedia.com\/index.php?rest_route=%2Fwp%2Fv2%2Fcategories&post=665135"},{"taxonomy":"post_tag","embeddable":true,"href":"https:\/\/microscopemedia.com\/index.php?rest_route=%2Fwp%2Fv2%2Ftags&post=665135"}],"curies":[{"name":"wp","href":"https:\/\/api.w.org\/{rel}","templated":true}]}}