{"id":665141,"date":"2025-12-07T21:36:03","date_gmt":"2025-12-07T21:36:03","guid":{"rendered":"https:\/\/microscopemedia.com\/?p=665141"},"modified":"2025-12-07T21:36:03","modified_gmt":"2025-12-07T21:36:03","slug":"dezastru-catalin-drula-obtine-cel-mai-slab-rezultat-al-usr-la-primaria-capitalei-de-la-infiintarea-partidului","status":"publish","type":"post","link":"https:\/\/microscopemedia.com\/?p=665141","title":{"rendered":"Dezastru. C\u0103t\u0103lin Drul\u0103 ob\u021bine cel mai slab rezultat al USR la Prim\u0103ria Capitalei de la \u00eenfiin\u021barea partidului"},"content":{"rendered":"<div><img decoding=\"async\" src=\"https:\/\/microscopemedia.com\/wp-content\/uploads\/2025\/12\/dezastru-catalin-drula-obtine-cel-mai-slab-rezultat-al-usr-la-primaria-capitalei-de-la-infiintarea-partidului.jpg\" class=\"ff-og-image-inserted\"><\/div>\n<p id=\"p-0\">C\u0103t\u0103lin Drul\u0103 ob\u021bine cel mai slab rezultat al USR \u00een cursa pentru Prim\u0103ria Capitalei.<\/p>\n<p id=\"p-1\">\u00cen 2016, Nicu\u0219or Dan a candidat din partea Uniunii Salva\u021bi Bucure\u0219tiul (USB), forma\u021biune local\u0103 care, dup\u0103 alegeri, a stat la baza \u00eenfiin\u021b\u0103rii Uniunii Salva\u021bi Rom\u00e2nia (USR).<\/p>\n<p id=\"p-2\">Atunci, Nicu\u0219or Dan a ob\u021binut <strong>30,52%<\/strong> din voturi, un rezultat remarcabil pentru o structur\u0103 politic\u0103 nou\u0103.<\/p>\n<p id=\"p-3\">\u00cen 2020, Nicu\u0219or Dan, candidat independent sus\u021binut de USR, a ob\u021binut <strong>42,81%<\/strong> din voturi, c\u00e2\u0219tig\u00e2nd alegerile.<\/p>\n<p id=\"p-4\">\u00cen 2024 a c\u00e2\u0219tigat un nou mandat cu <strong>47,94%<\/strong>, tot cu sprijinul USR.<\/p>\n<p id=\"p-5\">Prin contrast, scorul ob\u021binut \u00een 2025 de C\u0103t\u0103lin Drul\u0103 se situeaz\u0103 considerabil sub rezultatele anterioare pe care USR le-a \u00eenregistrat \u00een Capital\u0103.<\/p>\n<p id=\"p-6\">C\u0103t\u0103lin Drul\u0103 a ob\u021binut <strong>13,88%<\/strong> dup\u0103 centralizarea a 89,14% din procesele-verbale.<\/p>\n<p id=\"p-7\">Rezultatul marcheaz\u0103 o \u00eenfr\u00e2ngere semnificativ\u0103 pentru USR \u00een Bucure\u0219ti, ora\u0219 considerat ani la r\u00e2ndul principalul s\u0103u bastion electoral.<\/p>\n","protected":false},"excerpt":{"rendered":"<p>C\u0103t\u0103lin Drul\u0103 ob\u021bine cel mai slab rezultat al USR \u00een cursa pentru Prim\u0103ria Capitalei. \u00cen 2016, Nicu\u0219or Dan a candidat din partea Uniunii Salva\u021bi Bucure\u0219tiul (USB), forma\u021biune local\u0103 care, dup\u0103 &hellip; <a href=\"https:\/\/microscopemedia.com\/?p=665141\" class=\"more-link\">Read More<\/a><\/p>\n","protected":false},"author":1,"featured_media":665142,"comment_status":"closed","ping_status":"closed","sticky":false,"template":"Default","format":"standard","meta":[],"categories":[1],"tags":[],"_links":{"self":[{"href":"https:\/\/microscopemedia.com\/index.php?rest_route=\/wp\/v2\/posts\/665141"}],"collection":[{"href":"https:\/\/microscopemedia.com\/index.php?rest_route=\/wp\/v2\/posts"}],"about":[{"href":"https:\/\/microscopemedia.com\/index.php?rest_route=\/wp\/v2\/types\/post"}],"author":[{"embeddable":true,"href":"https:\/\/microscopemedia.com\/index.php?rest_route=\/wp\/v2\/users\/1"}],"replies":[{"embeddable":true,"href":"https:\/\/microscopemedia.com\/index.php?rest_route=%2Fwp%2Fv2%2Fcomments&post=665141"}],"version-history":[{"count":0,"href":"https:\/\/microscopemedia.com\/index.php?rest_route=\/wp\/v2\/posts\/665141\/revisions"}],"wp:featuredmedia":[{"embeddable":true,"href":"https:\/\/microscopemedia.com\/index.php?rest_route=\/wp\/v2\/media\/665142"}],"wp:attachment":[{"href":"https:\/\/microscopemedia.com\/index.php?rest_route=%2Fwp%2Fv2%2Fmedia&parent=665141"}],"wp:term":[{"taxonomy":"category","embeddable":true,"href":"https:\/\/microscopemedia.com\/index.php?rest_route=%2Fwp%2Fv2%2Fcategories&post=665141"},{"taxonomy":"post_tag","embeddable":true,"href":"https:\/\/microscopemedia.com\/index.php?rest_route=%2Fwp%2Fv2%2Ftags&post=665141"}],"curies":[{"name":"wp","href":"https:\/\/api.w.org\/{rel}","templated":true}]}}