{"id":665143,"date":"2025-12-07T21:46:03","date_gmt":"2025-12-07T21:46:03","guid":{"rendered":"https:\/\/microscopemedia.com\/?p=665143"},"modified":"2025-12-07T21:46:03","modified_gmt":"2025-12-07T21:46:03","slug":"alegeri-bucuresti-2025-cine-este-ciprian-ciucu-noul-primar-al-capitalei","status":"publish","type":"post","link":"https:\/\/microscopemedia.com\/?p=665143","title":{"rendered":"Alegeri Bucure\u0219ti 2025. Cine este Ciprian Ciucu, noul primar al Capitalei"},"content":{"rendered":"<div><img decoding=\"async\" src=\"https:\/\/microscopemedia.com\/wp-content\/uploads\/2025\/12\/alegeri-bucuresti-2025-cine-este-ciprian-ciucu-noul-primar-al-capitalei.jpg\" class=\"ff-og-image-inserted\"><\/div>\n<p id=\"p-0\">Av\u00e2nd \u00een vedere centralizarea actual\u0103, Ciprian Ciucu a c\u00e2\u0219tigat matematic cursa pentru Prim\u0103ria Capitalei, conform calculelor Mediafax. Mai sunt de num\u0103rat sub 63.000 de voturi, iar diferen\u021ba dintre Ciprian Ciucu \u0219i Anca Alexandrescu dep\u0103\u0219e\u0219te 70.000 de voturi, ceea ce face imposibil\u0103 recuperarea ecartului r\u0103mas. Prin urmare, rezultatul final nu mai poate fi schimbat indiferent de distribu\u021bia voturilor necentralizate.<\/p>\n<h2 id=\"chapter-0\">Studiile lui Ciprian Ciucu<\/h2>\n<p id=\"p-1\">Primarul Sectorului 6, originar din Pite\u0219ti, a urmat cursurile \u0218colii Na\u021bionale de Studii Politice \u0219i Administrative, Facultatea de \u0218tiin\u021be Politice, \u00eentre anii 1996 \u0219i 2000. El a ob\u021binut diploma \u00een \u0218tiin\u021be Politice, conform<span> <a href=\"https:\/\/primarie6.ro\/primarie_sector6\/sites\/default\/files\/2022-03\/2020_12_Europass_CV_Ciprian_Ciucu_0.pdf\">CV-ului s\u0103u<\/a><\/span>.<\/p>\n<p id=\"p-2\">Tot la SNSPA, el a finalizat \u00een 2001 un master \u00een Politici Publice \u0219i Integrare European\u0103. La capitolul \u201eCompeten\u0163e \u015fi abilit\u0103\u0163i sociale\u201d men\u021bioneaz\u0103 lucrul eficient \u00een echip\u0103 \u0219i rela\u021bionarea bun\u0103 cu oamenii, seriozitatea \u0219i responsabilitatea, precum \u0219i colaborarea armonioas\u0103 cu persoane din medii diferite.<\/p>\n<p id=\"p-3\">\u00cen CV-ul s\u0103u, la \u201eCompeten\u0163e \u015fi aptitudini organizatorice\u201d, apare experien\u021ba de management dob\u00e2ndit\u0103 \u00een cadrul unor echipe de proiect \u0219i calit\u0103\u021bi de leadership formate prin programul Young Leaders al Institutului ASPEN Rom\u00e2nia.<\/p>\n<p id=\"p-4\">La \u00eenceputul carierei, \u00eentre martie 2000 \u0219i februarie 2001, Ciucu a lucrat \u00een cadrul departamentului de Rela\u021bii Publice al Pre\u0219edin\u021biei, ocup\u00e2ndu-se de rela\u021bia cu presa, redactarea comunicatelor \u0219i organizarea conferin\u021belor \u0219i evenimentelor de pres\u0103.<\/p>\n<p id=\"p-5\">\u00centre 2007 \u0219i 2013, Ciucu a fost profesor invitat la Universitatea din Bucure\u0219ti, unde a predat Managementul Proiectelor. De\u021bine o experien\u021b\u0103 \u00een formare profesional\u0103 pentru dezvoltarea politicilor publice, management \u0219i planificare strategic\u0103.<\/p>\n<h2 id=\"chapter-1\">Experien\u021b\u0103 \u00een zona societ\u0103\u021bii civile<\/h2>\n<p id=\"p-6\">Ciprian Ciucu a fondat Centrul pentru Dezvoltare Urban\u0103 \u0219i Teritorial\u0103, activ \u00een perioada 2014-2019. Ca specialist \u00een consultan\u021b\u0103, el a participat timp de peste un deceniu la proiecte de reform\u0103 administrativ\u0103 sus\u021binute de diverse institu\u021bii, printre care Comisia European\u0103, Banca Mondial\u0103 \u0219i UK Aid, dar \u0219i la proiecte desf\u0103\u0219urate \u00een state din Europa de Est \u0219i din Balcanii de Vest.<\/p>\n<p id=\"p-7\">Ciucu a fost, de asemenea, cofondator \u0219i director al Centrului Rom\u00e2n de Politici Europene, unul dintre cele mai influente think tank uri din Rom\u00e2nia, \u00een intervalul 2009-2015.<\/p>\n<p id=\"p-8\">\u00cenainte de a deveni edilul Sectorului 6, \u00een octombrie 2020, el a condus Agen\u021bia Na\u021bional\u0103 a Func\u021bionarilor Publici \u00een perioada 2019-2020. Ciucu are o vast\u0103 experien\u021b\u0103 \u00een zona societ\u0103\u021bii civile \u0219i \u00een consultan\u021ba acordat\u0103 administra\u021biei publice.<\/p>\n<p id=\"p-9\">\u00cen anul 2024, a urcat \u00een v\u00e2rful partidului ca prim-vicepre\u0219edinte PNL, dup\u0103 ce Ilie Bolojan a preluat conducerea liberalilor.<\/p>\n<p id=\"p-10\"><a href=\"https:\/\/ciprianciucu.ro\/\">Planul<\/a> lui Ciprian Ciucu pentru Bucure\u0219ti este unul complex, iar acesta, acum, are la dispozi\u021bie doi ani pentru a-l implementa.<\/p>\n","protected":false},"excerpt":{"rendered":"<p>Av\u00e2nd \u00een vedere centralizarea actual\u0103, Ciprian Ciucu a c\u00e2\u0219tigat matematic cursa pentru Prim\u0103ria Capitalei, conform calculelor Mediafax. Mai sunt de num\u0103rat sub 63.000 de voturi, iar diferen\u021ba dintre Ciprian Ciucu &hellip; <a href=\"https:\/\/microscopemedia.com\/?p=665143\" class=\"more-link\">Read More<\/a><\/p>\n","protected":false},"author":1,"featured_media":665144,"comment_status":"closed","ping_status":"closed","sticky":false,"template":"Default","format":"standard","meta":[],"categories":[1],"tags":[],"_links":{"self":[{"href":"https:\/\/microscopemedia.com\/index.php?rest_route=\/wp\/v2\/posts\/665143"}],"collection":[{"href":"https:\/\/microscopemedia.com\/index.php?rest_route=\/wp\/v2\/posts"}],"about":[{"href":"https:\/\/microscopemedia.com\/index.php?rest_route=\/wp\/v2\/types\/post"}],"author":[{"embeddable":true,"href":"https:\/\/microscopemedia.com\/index.php?rest_route=\/wp\/v2\/users\/1"}],"replies":[{"embeddable":true,"href":"https:\/\/microscopemedia.com\/index.php?rest_route=%2Fwp%2Fv2%2Fcomments&post=665143"}],"version-history":[{"count":0,"href":"https:\/\/microscopemedia.com\/index.php?rest_route=\/wp\/v2\/posts\/665143\/revisions"}],"wp:featuredmedia":[{"embeddable":true,"href":"https:\/\/microscopemedia.com\/index.php?rest_route=\/wp\/v2\/media\/665144"}],"wp:attachment":[{"href":"https:\/\/microscopemedia.com\/index.php?rest_route=%2Fwp%2Fv2%2Fmedia&parent=665143"}],"wp:term":[{"taxonomy":"category","embeddable":true,"href":"https:\/\/microscopemedia.com\/index.php?rest_route=%2Fwp%2Fv2%2Fcategories&post=665143"},{"taxonomy":"post_tag","embeddable":true,"href":"https:\/\/microscopemedia.com\/index.php?rest_route=%2Fwp%2Fv2%2Ftags&post=665143"}],"curies":[{"name":"wp","href":"https:\/\/api.w.org\/{rel}","templated":true}]}}