{"id":665147,"date":"2025-12-07T22:06:04","date_gmt":"2025-12-07T22:06:04","guid":{"rendered":"https:\/\/microscopemedia.com\/?p=665147"},"modified":"2025-12-07T22:06:04","modified_gmt":"2025-12-07T22:06:04","slug":"stiri-false-despre-fenomenele-meteo-expertii-spun-ca-nu-vor-fi-o-furtuna-istorica-si-cea-mai-violenta-iarna","status":"publish","type":"post","link":"https:\/\/microscopemedia.com\/?p=665147","title":{"rendered":"\u0218tiri false despre fenomenele meteo. Exper\u021bii spun c\u0103 nu vor fi \u201eo furtun\u0103 istoric\u0103\u201d \u0219i \u201ecea mai violent\u0103 iarn\u0103\u201d"},"content":{"rendered":"<div><img decoding=\"async\" src=\"https:\/\/microscopemedia.com\/wp-content\/uploads\/2025\/12\/stiri-false-despre-fenomenele-meteo-expertii-spun-ca-nu-vor-fi-o-furtuna-istorica-si-cea-mai-violenta-iarna.png\" class=\"ff-og-image-inserted\"><\/div>\n<p id=\"p-0\">Autorit\u0103\u021bile franceze \u0219i spaniole au reac\u021bionat dup\u0103 r\u0103sp\u00e2ndirea unor informa\u021bii false despre fenomenele meteo.<\/p>\n<p id=\"p-1\">\u201eAcest con\u021binut este adesea deliberat senza\u021bional, produs profesional, cu o editare video impresionant\u0103, anima\u021bii care amintesc de un reportaj TV \u0219i secven\u021be care exploateaz\u0103 fascina\u021bia noastr\u0103 pentru imagini spectaculoase\u201d, avertizeaz\u0103 La Cha\u00eene M\u00e9t\u00e9o (Canalul Meteo).<\/p>\n<p id=\"p-2\">Fran\u021ba \u0219i Spania au fost vizate \u00een ultimele zile de informa\u021bii false privind vremea \u0219i schimb\u0103rile climatice. \u0218tirile false care circul\u0103 pe re\u021belele de socializare, \u00een special pe X, au anun\u021bat ninsori istorice \u0219i prezen\u021ba viscolului \u00een Pirinei. Aceste post\u0103ri sunt adesea \u00eenso\u021bite de fotografii sau videoclipuri, unele dat\u00e2nd de mai mul\u021bi ani, \u00een timp ce altele sunt produse cu ajutorul programelor cu inteligen\u021ba artificial\u0103.<\/p>\n<p id=\"p-3\">Absurditatea acestor informa\u021bii a determinat Agen\u021bia Meteorologic\u0103 de Stat din Spania (AEMET) s\u0103 reac\u021bioneze, prin intermediul contului s\u0103u de socializare, potrivit <a href=\"https:\/\/www.lefigaro.fr\/meteo\/tempete-historique-hiver-le-plus-violent-depuis-1985-la-france-et-l-espagne-ciblees-par-des-fake-news-meteorologiques-20251207\" target=\"_blank\" rel=\"noopener\">Le Figaro<\/a>.<\/p>\n<p id=\"p-4\">\u201eNu am raportat nicio furtun\u0103 de z\u0103pad\u0103 \u00abistoric\u0103\u00bb \u00een Pirinei sau \u00een orice alt lan\u021b muntos din Spania. Aceste informa\u021bii sunt false. Rug\u0103m pe toat\u0103 lumea s\u0103 ac\u021bioneze responsabil \u0219i s\u0103 dea alarma doar atunci c\u00e2nd este absolut necesar\u201d, au transmis meteorologii spanioli.<\/p>\n<h2 id=\"chapter-0\">\u201eVremea nu este o ma\u0219in\u0103 de produs de \u0219tiri senza\u021bionale\u201d<\/h2>\n<p id=\"p-5\">\u00cen Fran\u021ba, Ministerul Ecologiei a publicat un mesaj de con\u0219tientizare pe conturile sale de socializare dup\u0103 ce mai multe \u0219tiri false au sus\u021binut c\u0103 Fran\u021ba intr\u0103 \u00een \u201ecea mai sever\u0103 iarn\u0103 din 1985\u201d.<\/p>\n<p id=\"p-6\">\u201eNu, Fran\u021ba nu intr\u0103 \u00een cea mai violent\u0103 iarn\u0103 din 1985. S\u0103 nu permitem dezinform\u0103rii s\u0103 polueze dezbaterea despre clim\u0103\u201d, au scris reprezentan\u021bii ministerului pe X.<\/p>\n<p id=\"p-7\">La Cha\u00eene M\u00e9t\u00e9o a constatat c\u0103 o nou\u0103 form\u0103 de dezinformare a luat amploare \u00een fluxurile de \u0219tiri. Este vorba despre con\u021binut meteo \u0219i climatic \u00abfabricat\u00bb sau amplificat de inteligen\u021ba artificial\u0103. Rezultatul este c\u0103 imagini, videoclipuri \u0219i \u00abalerte\u00bb senza\u021bionale inund\u0103 internetul \u0219i re\u021belele sociale.<\/p>\n<p id=\"p-8\">\u201eAm v\u0103zut acest lucru nu cu mult timp \u00een urm\u0103 cu uraganul Melissa, care a devastat Jamaica: videoclipurile ar\u0103tau rechini \u00eentr-o piscin\u0103, al\u021bii plimb\u00e2ndu-se pe str\u0103zi \u0219i chiar vederi aeriene ale ochiului unui uragan care p\u0103reau incredibil de realiste. Rezultatul poate fi uimitor \u0219i tocmai asta face ca acest con\u021binut s\u0103 fie at\u00e2t de periculos\u201d, avertizeaz\u0103 Florent Schindler, directorul de \u0219tiri al site-ului web specializat.<\/p>\n<p id=\"p-9\">Exper\u021bii recomand\u0103 ca metode pentru a combate dezinformarea folosirea de surse de informa\u021bii sigure, verificarea datei \u0219i urm\u0103rirea actualiz\u0103rilor.<\/p>\n","protected":false},"excerpt":{"rendered":"<p>Autorit\u0103\u021bile franceze \u0219i spaniole au reac\u021bionat dup\u0103 r\u0103sp\u00e2ndirea unor informa\u021bii false despre fenomenele meteo. \u201eAcest con\u021binut este adesea deliberat senza\u021bional, produs profesional, cu o editare video impresionant\u0103, anima\u021bii care amintesc &hellip; <a href=\"https:\/\/microscopemedia.com\/?p=665147\" class=\"more-link\">Read More<\/a><\/p>\n","protected":false},"author":1,"featured_media":665148,"comment_status":"closed","ping_status":"closed","sticky":false,"template":"Default","format":"standard","meta":[],"categories":[1],"tags":[],"_links":{"self":[{"href":"https:\/\/microscopemedia.com\/index.php?rest_route=\/wp\/v2\/posts\/665147"}],"collection":[{"href":"https:\/\/microscopemedia.com\/index.php?rest_route=\/wp\/v2\/posts"}],"about":[{"href":"https:\/\/microscopemedia.com\/index.php?rest_route=\/wp\/v2\/types\/post"}],"author":[{"embeddable":true,"href":"https:\/\/microscopemedia.com\/index.php?rest_route=\/wp\/v2\/users\/1"}],"replies":[{"embeddable":true,"href":"https:\/\/microscopemedia.com\/index.php?rest_route=%2Fwp%2Fv2%2Fcomments&post=665147"}],"version-history":[{"count":0,"href":"https:\/\/microscopemedia.com\/index.php?rest_route=\/wp\/v2\/posts\/665147\/revisions"}],"wp:featuredmedia":[{"embeddable":true,"href":"https:\/\/microscopemedia.com\/index.php?rest_route=\/wp\/v2\/media\/665148"}],"wp:attachment":[{"href":"https:\/\/microscopemedia.com\/index.php?rest_route=%2Fwp%2Fv2%2Fmedia&parent=665147"}],"wp:term":[{"taxonomy":"category","embeddable":true,"href":"https:\/\/microscopemedia.com\/index.php?rest_route=%2Fwp%2Fv2%2Fcategories&post=665147"},{"taxonomy":"post_tag","embeddable":true,"href":"https:\/\/microscopemedia.com\/index.php?rest_route=%2Fwp%2Fv2%2Ftags&post=665147"}],"curies":[{"name":"wp","href":"https:\/\/api.w.org\/{rel}","templated":true}]}}