{"id":665169,"date":"2025-12-08T00:46:04","date_gmt":"2025-12-08T00:46:04","guid":{"rendered":"https:\/\/microscopemedia.com\/?p=665169"},"modified":"2025-12-08T00:46:04","modified_gmt":"2025-12-08T00:46:04","slug":"ce-scrie-presa-internationala-despre-rezultatele-alegerilor-pentru-primaria-capitalei","status":"publish","type":"post","link":"https:\/\/microscopemedia.com\/?p=665169","title":{"rendered":"Ce scrie presa interna\u021bional\u0103 despre rezultatele alegerilor pentru Prim\u0103ria Capitalei"},"content":{"rendered":"<div><img decoding=\"async\" src=\"https:\/\/microscopemedia.com\/wp-content\/uploads\/2025\/12\/ce-scrie-presa-internationala-despre-rezultatele-alegerilor-pentru-primaria-capitalei.jpg\" class=\"ff-og-image-inserted\"><\/div>\n<p id=\"p-0\">Alegerile pentru Prim\u0103ria General\u0103 a Capitalei au avut loc \u00een data de 7 decembrie, iar dup\u0103 centralizarea a 99,92% din sec\u021biile de votare, candidatul PNL, Ciprian Ciucu, a ob\u021binut victoria, cu 36,17%.<\/p>\n<h2 id=\"chapter-0\">Reuters: \u201eBucure\u015ftiul a ales un primar liberal \u00een alegerile locale\u201d<\/h2>\n<p id=\"p-1\">Alegerile au primit aten\u021bie \u0219i din partea presei interna\u021bionale. Agen\u021bia de pres\u0103 Reuters men\u021bioneaz\u0103 victoria ob\u021binut\u0103 de Ciprian Ciucu, subliniind c\u0103 \u201eBucure\u015ftiul a ales un primar liberal \u00een alegerile locale de duminic\u0103, oferindu-i prim-ministrului Ilie Bolojan avantajul \u00eentr-o fragil\u0103 coali\u0163ie pro-european\u0103 \u015fi \u00eenving\u00e2nd un candidat de extrem\u0103 dreapta care era favorit s\u0103 c\u00e2\u015ftige\u201d.<\/p>\n<p id=\"p-2\">\u201eAcum, [Nicu\u0219or] Dan va fi \u00eenlocuit de Ciprian Ciucu, un aliat apropiat al premierului liberal Bolojan, care a ob\u0163inut circa 36 la sut\u0103 din voturi, potrivit rezultatelor preliminare oficiale\u201d, scrie Reuters.<\/p>\n<p id=\"p-3\">Agen\u021bia de pres\u0103 mai aduce \u00een discu\u021bie \u0219i faptul c\u0103 \u201evotul de duminic\u0103 a avut loc la un an dup\u0103 ce Rom\u00e2nia a anulat alegerile preziden\u0163iale din cauza suspiciunilor de interferen\u0163\u0103 rus\u0103 care favorizau un candidat de extrem\u0103 dreapta\u201d.<\/p>\n<h2 id=\"chapter-1\">Presa spaniol\u0103: \u201eCiucu a \u00eempiedicat o victorie a extremei drepte\u201d<\/h2>\n<p id=\"p-4\">Agen\u021bia<span><a href=\"https:\/\/efe.com\/euro-efe\/2025-12-07\/sondeos-alcalde-bucarest\/\" target=\"_blank\" rel=\"noopener\"> EFE<\/a><\/span> eviden\u021biaz\u0103 c\u0103 Ciprian Ciucu s-a impus \u00een fa\u021ba Anc\u0103i Alexandrescu, \u00eempiedic\u00e2nd astfel \u201eo victorie a extremei drepte, care ar fi provocat cu siguran\u021b\u0103 mari tensiuni \u00een cadrul coali\u021biei de guvernare\u201d.<\/p>\n<p id=\"p-5\">\u201eCu peste 99% din voturi num\u0103rate, [Ciucu] s-a impus astfel \u00een fa\u021ba jurnalistei de televiziune Anca Alexandrescu \u0219i a social-democratului Daniel B\u0103lu\u021b\u0103. Ciucu a \u00eempiedicat astfel o victorie a extremei drepte, care ar fi provocat cu siguran\u021b\u0103 mari tensiuni \u00een cadrul coali\u021biei de guvernare formate din liberali (PNL), social-democra\u021bi (PSD), centri\u0219ti (USR) \u0219i partidul minorit\u0103\u021bii maghiare (UDMR)\u201d, mai scrie EFE.<\/p>\n<h2 id=\"chapter-2\">Presa german\u0103: \u201eAlegerile au fost c\u00e2\u0219tigate \u00een mod surprinz\u0103tor de un liberal\u201d<\/h2>\n<p id=\"p-6\">Publica\u021bia german\u0103 <span><a href=\"https:\/\/www.br.de\/nachrichten\/meldung\/liberaler-setzt-sich-bei-buergermeisterwahl-in-bukarest-durch,30078a496\" target=\"_blank\" rel=\"noopener\">Bayerischer Rundfunk<\/a><\/span> noteaz\u0103 c\u0103 \u201ealegerile pentru prim\u0103rie din capitala Rom\u00e2niei au fost c\u00e2\u0219tigate \u00een mod surprinz\u0103tor de un liberal, un aliat apropiat al prim-ministrului Illie Bolojan\u201d. Sursa citat\u0103 puncteaz\u0103 faptul c\u0103 acest rezultat \u201e\u00eel \u00eent\u0103re\u0219te pe Bolojan \u0219i fragila sa coali\u021bie guvernamental\u0103 pro-european\u0103\u201d.<\/p>\n<h2 id=\"chapter-3\">Ce spune presa chinez\u0103<\/h2>\n<p id=\"p-7\">Alegerile pentru Prim\u0103ria Capitalei au primit aten\u021bie \u0219i din partea presei din China. Publica\u021bia <span><a href=\"https:\/\/www.chinaview.cn\/20251207\/4953134e2a814ed9b979e494625b29b7\/c.html\">Xinhua<\/a><\/span> eviden\u021biaz\u0103 c\u0103 func\u021bia de primar general al Capitalei este vacant\u0103 din luna mai, dup\u0103 ce Nicu\u0219or Dan s-a aflat \u00een aceast\u0103 func\u021bie p\u00e2n\u0103 \u00een momentul \u00een care a ob\u021binut victoria la alegerile preziden\u021biale.<\/p>\n<p id=\"p-8\">\u201eRom\u00e2nii s-au prezentat duminic\u0103 la urne pentru alegerile locale par\u021biale, capitala Bucure\u0219ti aleg\u00e2nd un nou primar. Func\u021bia de primar al ora\u0219ului este vacant\u0103 din luna mai, c\u00e2nd fostul primar Nicu\u0219or Dan a fost ales pre\u0219edinte. (\u2026) Zece candida\u021bi sunt sus\u021binu\u021bi de partide politice, iar \u0219apte candideaz\u0103 ca independen\u021bi\u201d, scrie sursa citat\u0103.<\/p>\n<h2 id=\"chapter-4\">Ce a scris cea mai mare agen\u021bie de pres\u0103 de stat din Rusia<\/h2>\n<p id=\"p-9\">Victoria lui Ciprian Ciucu \u00een alegerile pentru Prim\u0103ria Capitalei a fost urm\u0103rit\u0103 cu interes \u0219i la Moscova. <span><a href=\"https:\/\/www.mediafax.ro\/externe\/reactia-presei-ruse-dupa-alegerile-din-bucuresti-presa-de-la-moscova-citeaza-un-influent-comentator-politic-roman-23654573\">Presa rus\u0103<\/a><\/span> insist\u0103 at\u00e2t pe slaba prezen\u021b\u0103 la vot, c\u00e2t \u0219i pe fragmentarea scenei politice rom\u00e2ne\u0219ti, cit\u00e2ndu-l pe publicistul Ion Cristoiu ca exemplu al dezam\u0103girii elitelor fa\u021b\u0103 de procesul electoral.<\/p>\n<p id=\"p-10\">\u201eCiucu transform\u0103 Bucure\u0219tiul \u00een proiectul vie\u021bii sale \u0219i \u00eent\u0103re\u0219te, totodat\u0103, pozi\u021bia lui Ilie Bolojan \u00een coali\u021bia de guvernare \u0219i \u00een interiorul PNL\u201d, noteaz\u0103 presa de la Moscova, rezum\u00e2nd evalu\u0103ri ap\u0103rute \u00een publica\u021bii rom\u00e2ne\u0219ti.<\/p>\n<p id=\"p-11\">Pe de alt\u0103 parte, jurnali\u0219tii ru\u0219i preiau \u0219i interpretarea presei din Rom\u00e2nia, potrivit c\u0103reia rezultatul reprezint\u0103 \u201eprima mare \u00eenfr\u00e2ngere pentru pre\u0219edintele Nicu\u0219or Dan\u201d, \u00eentruc\u00e2t candidatul sus\u021binut de acesta, C\u0103t\u0103lin Dru\u0103 (Uniunea Salva\u021bi Rom\u00e2nia), s-a clasat abia pe locul patru, \u201ela o diferen\u021b\u0103 considerabil\u0103 fa\u021b\u0103 de c\u00e2\u0219tig\u0103tor\u201d. \u00cen cheie ruseasc\u0103, aceast\u0103 evolu\u021bie este prezentat\u0103 ca un semn al erod\u0103rii rapide a popularit\u0103\u021bii \u0219efului statului.<\/p>\n<p id=\"p-12\">Potrivit&nbsp;<span><a href=\"https:\/\/www.mediafax.ro\/politic\/alegeri-primaria-bucuresti-2025-ciprian-ciucu-a-castigat-matematic-alegerile-pentru-capitala-surpriza-anca-alexandrescu-peste-daniel-baluta-drula-cel-mai-slab-scor-din-istoria-usr-23654105\">centraliz\u0103rii<\/a>&nbsp;<\/span>a 99,92% din procesele verbale, Ciprian Ciucu a ob\u021binut 36,17% din voturi. La mare distan\u021b\u0103, pe locul 2, se afl\u0103 Anca Alexandrescu, cu 21,94%, iar candidatul PSD, Daniel B\u0103lu\u021b\u0103, se situeaz\u0103 pe locul 3, cu 20,5%. C\u0103t\u0103lin Drul\u0103, candidatul USR, a ob\u021binut 13,9%, iar Ana Ciceal\u0103, candidata SENS, a ob\u021binut 5,85%.<\/p>\n","protected":false},"excerpt":{"rendered":"<p>Alegerile pentru Prim\u0103ria General\u0103 a Capitalei au avut loc \u00een data de 7 decembrie, iar dup\u0103 centralizarea a 99,92% din sec\u021biile de votare, candidatul PNL, Ciprian Ciucu, a ob\u021binut victoria, &hellip; <a href=\"https:\/\/microscopemedia.com\/?p=665169\" class=\"more-link\">Read More<\/a><\/p>\n","protected":false},"author":1,"featured_media":665170,"comment_status":"closed","ping_status":"closed","sticky":false,"template":"Default","format":"standard","meta":[],"categories":[1],"tags":[],"_links":{"self":[{"href":"https:\/\/microscopemedia.com\/index.php?rest_route=\/wp\/v2\/posts\/665169"}],"collection":[{"href":"https:\/\/microscopemedia.com\/index.php?rest_route=\/wp\/v2\/posts"}],"about":[{"href":"https:\/\/microscopemedia.com\/index.php?rest_route=\/wp\/v2\/types\/post"}],"author":[{"embeddable":true,"href":"https:\/\/microscopemedia.com\/index.php?rest_route=\/wp\/v2\/users\/1"}],"replies":[{"embeddable":true,"href":"https:\/\/microscopemedia.com\/index.php?rest_route=%2Fwp%2Fv2%2Fcomments&post=665169"}],"version-history":[{"count":0,"href":"https:\/\/microscopemedia.com\/index.php?rest_route=\/wp\/v2\/posts\/665169\/revisions"}],"wp:featuredmedia":[{"embeddable":true,"href":"https:\/\/microscopemedia.com\/index.php?rest_route=\/wp\/v2\/media\/665170"}],"wp:attachment":[{"href":"https:\/\/microscopemedia.com\/index.php?rest_route=%2Fwp%2Fv2%2Fmedia&parent=665169"}],"wp:term":[{"taxonomy":"category","embeddable":true,"href":"https:\/\/microscopemedia.com\/index.php?rest_route=%2Fwp%2Fv2%2Fcategories&post=665169"},{"taxonomy":"post_tag","embeddable":true,"href":"https:\/\/microscopemedia.com\/index.php?rest_route=%2Fwp%2Fv2%2Ftags&post=665169"}],"curies":[{"name":"wp","href":"https:\/\/api.w.org\/{rel}","templated":true}]}}