{"id":665171,"date":"2025-12-08T00:57:04","date_gmt":"2025-12-08T00:57:04","guid":{"rendered":"https:\/\/microscopemedia.com\/?p=665171"},"modified":"2025-12-08T00:57:04","modified_gmt":"2025-12-08T00:57:04","slug":"situatie-incredibila-intr-o-comuna-din-botosani-dupa-tata-si-mama-a-venit-randul-fiicei-sa-conduca-primaria","status":"publish","type":"post","link":"https:\/\/microscopemedia.com\/?p=665171","title":{"rendered":"Situa\u021bie incredibil\u0103 \u00eentr-o comun\u0103 din Boto\u0219ani: dup\u0103 tat\u0103 \u0219i mam\u0103, a venit r\u00e2ndul fiicei s\u0103 conduc\u0103 prim\u0103ria"},"content":{"rendered":"<div><img decoding=\"async\" src=\"https:\/\/microscopemedia.com\/wp-content\/uploads\/2025\/12\/situatie-incredibila-intr-o-comuna-din-botosani-dupa-tata-si-mama-a-venit-randul-fiicei-sa-conduca-primaria.jpg\" class=\"ff-og-image-inserted\"><\/div>\n<p id=\"p-0\">Fiica fostului primar Verginel Giread\u0103, Andreea Alecu Giread\u0103, candidat\u0103 din partea PSD, a c\u00e2\u0219tigat alegerile locale par\u021biale din comuna Mihai Eminescu, jude\u021bul Boto\u0219ani, desf\u0103\u0219urate duminic\u0103, 7 decembrie, relateaz\u0103 <a href=\"https:\/\/www.monitorulbt.ro\/local\/2025\/12\/07\/primaria-mihai-eminescu-ramane-la-familia-gireada-video\/\">Monitorul de Boto\u0219ani<\/a>.<\/p>\n<p id=\"p-1\">Comuna Mihai Eminescu s-a num\u0103rat printre cele 12 UAT-uri din \u021bar\u0103 \u00een care au avut loc alegeri par\u021biale, dup\u0103 ce Verginel Giread\u0103 a demisionat \u00een octombrie din func\u021bia de primar, \u00een contextul anchetei DNA pentru luare de mit\u0103.<\/p>\n<h2 id=\"chapter-0\">Familia Giread\u0103 conduce comuna Mihai Eminescu din 2004 \u00eencoace<\/h2>\n<p id=\"p-2\">Verginel Giread\u0103 a condus comuna \u00een mai multe mandate, \u00eentre 2004 \u0219i 2012, revenind \u00een func\u021bie dup\u0103 alegerile din 2020. \u00centre 2012 \u0219i 2016 a fost deputat PNL de Boto\u0219ani.<\/p>\n<p id=\"p-3\">\u00cen perioada c\u00e2t a activat \u00een Parlament, func\u021bia de primar a fost de\u021binut\u0103 de so\u021bia sa, Aneta Giread\u0103, care a condus localitatea p\u00e2n\u0103 \u00een 2020.<\/p>\n<p id=\"p-4\">\u00cen 2020, Verginel Giread\u0103 a revenit la conducerea Prim\u0103riei Mihai Eminescu din partea PNL, iar \u00een 2024 a trecut la PSD \u0219i a ob\u021binut un nou mandat.<\/p>\n<h2 id=\"chapter-1\">Rezultate finale \u00een comuna Mihai Eminescu<\/h2>\n<p data-start=\"270\" data-end=\"525\" id=\"p-5\">Candidata PSD, Andreea-Cristina Alecu-Giread\u0103, a ob\u021binut 1.330 de voturi, reprezent\u00e2nd 41,54% din totalul voturilor valabil exprimate. Pe locul al doilea s-a clasat Ionu\u021b-Cristian Sigart\u0103u (PNL), cu 823 de voturi, respectiv 25,70%.<\/p>\n<p data-start=\"527\" data-end=\"771\" id=\"p-6\">Pe pozi\u021bia a treia s-a situat Vasile-Cornel Zm\u0103u, candidatul Partidului Oamenilor Tineri, care a ob\u021binut 403 voturi (12,59%). Candidatul independent Ioan Purice a \u00eencheiat pe locul al patrulea, cu 335 de voturi (10,46%).<\/p>\n<p data-start=\"773\" data-end=\"1028\" id=\"p-7\">Florin-Daniel Buh\u0103, candidatul AUR, a primit 191 de voturi (5,97%), fiind urmat de Vasile Onofrei (SOS Rom\u00e2nia), cu 72 de voturi (2,25%). Candidatul USR, Iulian To\u0219cu\u021b\u0103, a ob\u021binut 48 de voturi, ceea ce reprezint\u0103 1,50%.<\/p>\n<p data-start=\"1030\" data-end=\"1108\" id=\"p-8\">\u00cen total, la nivelul comunei Mihai Eminescu au fost num\u0103rate 3.202 voturi.<\/p>\n","protected":false},"excerpt":{"rendered":"<p>Fiica fostului primar Verginel Giread\u0103, Andreea Alecu Giread\u0103, candidat\u0103 din partea PSD, a c\u00e2\u0219tigat alegerile locale par\u021biale din comuna Mihai Eminescu, jude\u021bul Boto\u0219ani, desf\u0103\u0219urate duminic\u0103, 7 decembrie, relateaz\u0103 Monitorul de &hellip; <a href=\"https:\/\/microscopemedia.com\/?p=665171\" class=\"more-link\">Read More<\/a><\/p>\n","protected":false},"author":1,"featured_media":665172,"comment_status":"closed","ping_status":"closed","sticky":false,"template":"Default","format":"standard","meta":[],"categories":[1],"tags":[],"_links":{"self":[{"href":"https:\/\/microscopemedia.com\/index.php?rest_route=\/wp\/v2\/posts\/665171"}],"collection":[{"href":"https:\/\/microscopemedia.com\/index.php?rest_route=\/wp\/v2\/posts"}],"about":[{"href":"https:\/\/microscopemedia.com\/index.php?rest_route=\/wp\/v2\/types\/post"}],"author":[{"embeddable":true,"href":"https:\/\/microscopemedia.com\/index.php?rest_route=\/wp\/v2\/users\/1"}],"replies":[{"embeddable":true,"href":"https:\/\/microscopemedia.com\/index.php?rest_route=%2Fwp%2Fv2%2Fcomments&post=665171"}],"version-history":[{"count":0,"href":"https:\/\/microscopemedia.com\/index.php?rest_route=\/wp\/v2\/posts\/665171\/revisions"}],"wp:featuredmedia":[{"embeddable":true,"href":"https:\/\/microscopemedia.com\/index.php?rest_route=\/wp\/v2\/media\/665172"}],"wp:attachment":[{"href":"https:\/\/microscopemedia.com\/index.php?rest_route=%2Fwp%2Fv2%2Fmedia&parent=665171"}],"wp:term":[{"taxonomy":"category","embeddable":true,"href":"https:\/\/microscopemedia.com\/index.php?rest_route=%2Fwp%2Fv2%2Fcategories&post=665171"},{"taxonomy":"post_tag","embeddable":true,"href":"https:\/\/microscopemedia.com\/index.php?rest_route=%2Fwp%2Fv2%2Ftags&post=665171"}],"curies":[{"name":"wp","href":"https:\/\/api.w.org\/{rel}","templated":true}]}}