{"id":665185,"date":"2025-12-08T06:26:04","date_gmt":"2025-12-08T06:26:04","guid":{"rendered":"https:\/\/microscopemedia.com\/?p=665185"},"modified":"2025-12-08T06:26:04","modified_gmt":"2025-12-08T06:26:04","slug":"presa-maghiara-despre-alegerile-de-la-bucuresti-aproape-nimanui-nu-i-a-pasat-cine-va-fi-noul-primar","status":"publish","type":"post","link":"https:\/\/microscopemedia.com\/?p=665185","title":{"rendered":"Presa maghiar\u0103 despre alegerile de la Bucure\u0219ti: \u201eAproape nim\u0103nui nu i-a p\u0103sat cine va fi noul primar\u201d"},"content":{"rendered":"<div><img decoding=\"async\" src=\"https:\/\/microscopemedia.com\/wp-content\/uploads\/2025\/12\/presa-maghiara-despre-alegerile-de-la-bucuresti-aproape-nimanui-nu-i-a-pasat-cine-va-fi-noul-primar.png\" class=\"ff-og-image-inserted\"><\/div>\n<p class=\"font-claude-response-body break-words whitespace-normal \" id=\"p-0\"><a href=\"https:\/\/www.economx.hu\/kulfold\/bukarest-romania-fopolgarmester-valasztas-exit-poll.820578.html\">Economx.hu<\/a> a ales un titlu direct despre alegerile de la Bucure\u0219ti: \u201eVecinii au decis: aproape nim\u0103nui nu i-a p\u0103sat cine va fi noul primar\u201d. Publica\u021bia maghiar\u0103 a pus accent pe dezinteresul aleg\u0103torilor.<\/p>\n<p class=\"font-claude-response-body break-words whitespace-normal \" id=\"p-1\">Doar 32,71% dintre bucure\u0219teni s-au prezentat la urne. Aproximativ 589.000 din cei 1,8 milioane de locuitori ai capitalei \u0219i-au exprimat votul.<\/p>\n<h2 class=\"font-claude-response-body break-words whitespace-normal \" id=\"chapter-0\"><strong>\u201eLiberalii preiau capitala p\u00e2n\u0103 \u00een 2028\u201d<\/strong><\/h2>\n<p class=\"font-claude-response-body break-words whitespace-normal \" id=\"p-2\">Transtelex a analizat \u00een profunzime alegerile de la Bucure\u0219ti. \u201eLiberalii preiau Capitala p\u00e2n\u0103 \u00een 2028, victoria lui Ciucu ar putea perturba echilibrul na\u021bional al puterii\u201d, a titrat publica\u021bia maghiar\u0103.<\/p>\n<p class=\"font-claude-response-body break-words whitespace-normal \" id=\"p-3\">Transtelex subliniaz\u0103 c\u0103 victoria \u00eel consolideaz\u0103 pe Ilie Bolojan. \u00cen acela\u0219i timp, \u00eel sl\u0103be\u0219te pe pre\u0219edintele Nicu\u0219or Dan.<\/p>\n<h2 class=\"font-claude-response-body break-words whitespace-normal \" id=\"chapter-1\"><strong>Alegeri Bucure\u0219ti: \u201eCiucu anun\u021b\u0103 o nou\u0103 direc\u021bie pentru PNL\u201d<\/strong><\/h2>\n<p class=\"font-claude-response-body break-words whitespace-normal \" id=\"p-4\">Transtelex a dedicat un articol separat declara\u021biilor noului primar. \u201eCiucu anun\u021b\u0103 o nou\u0103 direc\u021bie pentru PNL\u201d a fost titlul ales de publica\u021bia maghiar\u0103.<\/p>\n<p class=\"font-claude-response-body break-words whitespace-normal \" id=\"p-5\">Ciucu a declarat c\u0103 PNL intr\u0103 \u00eentr-o perioad\u0103 de stabilitate. El dore\u0219te s\u0103 \u201eformeze o nou\u0103 genera\u021bie de politicieni competen\u021bi \u0219i integra\u021bi\u201d.<\/p>\n<h2 class=\"font-claude-response-body break-words whitespace-normal \" id=\"chapter-2\"><strong>HVG: \u201eCandidatul liberal l-a \u00eenvins pe favoritul extremei drepte\u201d<\/strong><\/h2>\n<p class=\"font-claude-response-body break-words whitespace-normal \" id=\"p-6\">HVG a prezentat alegerile de la Bucure\u0219ti ca pe o \u00eenfr\u00e2ngere a extremei drepte. Publica\u021bia maghiar\u0103 subliniaz\u0103 victoria lui Ciucu cu 36,17% din voturi.<\/p>\n<p class=\"font-claude-response-body break-words whitespace-normal \" id=\"p-7\">Anca Alexandrescu (AUR) a ob\u021binut 21,94%. Daniel B\u0103lu\u021b\u0103 (PSD) s-a clasat pe locul trei cu 20,51%.<\/p>\n<h2 class=\"font-claude-response-body break-words whitespace-normal \" id=\"chapter-3\"><strong>Magyar Hang: Victoria cu \u201emarj\u0103 larg\u0103\u201d asupra extremei drepte<\/strong><\/h2>\n<p class=\"font-claude-response-body break-words whitespace-normal \" id=\"p-8\">Magyar Hang a titrat: \u201eCandidatul liberal la func\u021bia de primar \u00eenvinge candida\u021bii de extrem\u0103 dreapta cu o marj\u0103 larg\u0103\u201d. Articolul analizeaz\u0103 impactul rezultatului asupra guvernului Bolojan.<\/p>\n<p class=\"font-claude-response-body break-words whitespace-normal \" id=\"p-9\">O \u00eenfr\u00e2ngere ar fi putut \u00eensemna demisia premierului din func\u021biile de lider de partid \u0219i \u0219ef al guvernului. Victoria de la Bucure\u0219ti \u00eei ofer\u0103 stabilitate.<\/p>\n<h2 class=\"font-claude-response-body break-words whitespace-normal \" id=\"chapter-4\"><strong>Alegeri Bucure\u0219ti: <\/strong><strong>Rela\u021bia tensionat\u0103 Ciucu-Dan, analizat\u0103 de presa maghiar\u0103<\/strong><\/h2>\n<p class=\"font-claude-response-body break-words whitespace-normal \" id=\"p-10\">Publica\u021biile maghiare au remarcat rela\u021bia dificil\u0103 dintre noul primar \u0219i pre\u0219edinte. HVG scrie c\u0103 Nicu\u0219or Dan \u201enu este deloc mul\u021bumit de rezultat\u201d.<\/p>\n<p class=\"font-claude-response-body break-words whitespace-normal \" id=\"p-11\"><a href=\"https:\/\/www.mediafax.ro\/politic\/rezultate-finale-alegeri-bucuresti-2025-ciprian-ciucu-a-castigat-alegerile-pentru-capitala-cu-peste-36-surpriza-anca-alexandrescu-peste-daniel-baluta-drula-cel-mai-slab-scor-din-istoria-usr-23654105\">Ciucu<\/a>, fostul primar al Sectorului 6, s-a confruntat regulat cu Dan. Pre\u0219edintele a suferit \u201eprima sa \u00eenfr\u00e2ngere politic\u0103 serioas\u0103 pe teren propriu\u201d.<\/p>\n<h2 class=\"font-claude-response-body break-words whitespace-normal \" id=\"chapter-5\"><strong>\u201eA doua \u00eenfr\u00e2ngere pentru George Simion\u201d<\/strong><\/h2>\n<p class=\"font-claude-response-body break-words whitespace-normal \" id=\"p-12\">Presa maghiar\u0103 prezint\u0103 alegerile de la Bucure\u0219ti ca o nou\u0103 \u00eenfr\u00e2ngere pentru liderul AUR. George Simion a pierdut \u00een fa\u021ba lui Nicu\u0219or Dan la preziden\u021biale \u00een prim\u0103var\u0103.<\/p>\n<p class=\"font-claude-response-body break-words whitespace-normal \" id=\"p-13\">Acum candidatul s\u0103u a pierdut alegerile pentru Prim\u0103ria Capitalei. HVG subliniaz\u0103 c\u0103 \u201eextrema dreapt\u0103 pare s\u0103 acumuleze \u00eenfr\u00e2ngeri\u201d.<\/p>\n<h2 class=\"font-claude-response-body break-words whitespace-normal \" id=\"chapter-6\"><strong>Economx: Prezen\u021b\u0103 sub 1% \u00een \u0219apte sec\u021bii<\/strong><\/h2>\n<p class=\"font-claude-response-body break-words whitespace-normal \" id=\"p-14\">Economx.hu a detaliat cifrele despre prezen\u021ba la vot \u00een alegerile de la Bucure\u0219ti. \u00cen \u0219apte sec\u021bii de votare, prezen\u021ba a fost sub 1%.<\/p>\n<p class=\"font-claude-response-body break-words whitespace-normal \" id=\"p-15\">\u00cen niciun sector nu s-a atins pragul de 50%. \u201eO parte semnificativ\u0103 a locuitorilor Bucure\u0219tiului a manifestat o indiferen\u021b\u0103 total\u0103 fa\u021b\u0103 de alegeri\u201d, scrie publica\u021bia maghiar\u0103.<\/p>\n<h2 class=\"font-claude-response-body break-words whitespace-normal \" id=\"chapter-7\"><strong>Transtelex: Patru candida\u021bi puternici \u00een cursa electoral\u0103<\/strong><\/h2>\n<p class=\"font-claude-response-body break-words whitespace-normal \" id=\"p-16\">Transtelex a analizat strategiile candida\u021bilor din alegerile de la Bucure\u0219ti. \u201eDe\u0219i mul\u021bi candida\u021bi s-au prezentat, patru candida\u021bi puternici s-au confruntat \u00een final\u201d, scrie publica\u021bia maghiar\u0103.<\/p>\n<p class=\"font-claude-response-body break-words whitespace-normal \" id=\"p-17\">Ciucu a c\u00e2\u0219tigat cu 33% din voturi. Anca Alexandrescu a reu\u0219it s\u0103 ocupe locul al doilea. C\u0103t\u0103lin Drul\u0103 (USR) \u201ea avut o performan\u021b\u0103 sub a\u0219tept\u0103ri\u201d.<\/p>\n","protected":false},"excerpt":{"rendered":"<p>Economx.hu a ales un titlu direct despre alegerile de la Bucure\u0219ti: \u201eVecinii au decis: aproape nim\u0103nui nu i-a p\u0103sat cine va fi noul primar\u201d. Publica\u021bia maghiar\u0103 a pus accent pe &hellip; <a href=\"https:\/\/microscopemedia.com\/?p=665185\" class=\"more-link\">Read More<\/a><\/p>\n","protected":false},"author":1,"featured_media":665186,"comment_status":"closed","ping_status":"closed","sticky":false,"template":"Default","format":"standard","meta":[],"categories":[1],"tags":[],"_links":{"self":[{"href":"https:\/\/microscopemedia.com\/index.php?rest_route=\/wp\/v2\/posts\/665185"}],"collection":[{"href":"https:\/\/microscopemedia.com\/index.php?rest_route=\/wp\/v2\/posts"}],"about":[{"href":"https:\/\/microscopemedia.com\/index.php?rest_route=\/wp\/v2\/types\/post"}],"author":[{"embeddable":true,"href":"https:\/\/microscopemedia.com\/index.php?rest_route=\/wp\/v2\/users\/1"}],"replies":[{"embeddable":true,"href":"https:\/\/microscopemedia.com\/index.php?rest_route=%2Fwp%2Fv2%2Fcomments&post=665185"}],"version-history":[{"count":0,"href":"https:\/\/microscopemedia.com\/index.php?rest_route=\/wp\/v2\/posts\/665185\/revisions"}],"wp:featuredmedia":[{"embeddable":true,"href":"https:\/\/microscopemedia.com\/index.php?rest_route=\/wp\/v2\/media\/665186"}],"wp:attachment":[{"href":"https:\/\/microscopemedia.com\/index.php?rest_route=%2Fwp%2Fv2%2Fmedia&parent=665185"}],"wp:term":[{"taxonomy":"category","embeddable":true,"href":"https:\/\/microscopemedia.com\/index.php?rest_route=%2Fwp%2Fv2%2Fcategories&post=665185"},{"taxonomy":"post_tag","embeddable":true,"href":"https:\/\/microscopemedia.com\/index.php?rest_route=%2Fwp%2Fv2%2Ftags&post=665185"}],"curies":[{"name":"wp","href":"https:\/\/api.w.org\/{rel}","templated":true}]}}