{"id":665189,"date":"2025-12-08T06:56:03","date_gmt":"2025-12-08T06:56:03","guid":{"rendered":"https:\/\/microscopemedia.com\/?p=665189"},"modified":"2025-12-08T06:56:03","modified_gmt":"2025-12-08T06:56:03","slug":"un-studiu-arata-ca-lumina-albastra-influenteaza-creierul-adultilor-tineri-dar-nu-si-pe-cel-al-adolescentilor","status":"publish","type":"post","link":"https:\/\/microscopemedia.com\/?p=665189","title":{"rendered":"Un studiu arat\u0103 c\u0103 lumina albastr\u0103 influen\u021beaz\u0103 creierul adul\u021bilor tineri, dar nu \u0219i pe cel al adolescen\u021bilor"},"content":{"rendered":"<div><img decoding=\"async\" src=\"https:\/\/microscopemedia.com\/wp-content\/uploads\/2025\/12\/un-studiu-arata-ca-lumina-albastra-influenteaza-creierul-adultilor-tineri-dar-nu-si-pe-cel-al-adolescentilor.jpg\" class=\"ff-og-image-inserted\"><\/div>\n<p id=\"p-0\">Un nou studiu publicat \u00een Neurobiology of Sleep and Circadian Rhythms arat\u0103 c\u0103 lumina albastr\u0103 poate influen\u021ba direct reactivitatea de baz\u0103 a creierului, amplific\u00e2nd excitabilitatea cortical\u0103 la adul\u021bii tineri, \u00een timp ce la adolescen\u021bi acest efect este practic absent, conform <span><a href=\"https:\/\/www.psypost.org\/blue-light-exposure-alters-cortical-excitability-in-young-adults-but-adolescents-respond-differently\/\" target=\"_blank\" rel=\"noopener\">PsyPost<\/a><\/span>.<\/p>\n<p id=\"p-1\">Constat\u0103rile eviden\u021biaz\u0103 o rela\u021bie complex\u0103 \u0219i neliniar\u0103 \u00eentre expunerea la lumin\u0103 \u0219i func\u021bia neural\u0103, suger\u00e2nd c\u0103 v\u00e2rsta joac\u0103 un rol esen\u021bial \u00een modul \u00een care creierul reac\u021bioneaz\u0103 la lumina din mediu.<\/p>\n<h2 id=\"chapter-0\">Lumina albastr\u0103 cre\u0219te excitabilitatea cortical\u0103 doar la niveluri moderate<\/h2>\n<p id=\"p-2\">Cercet\u0103torii au descoperit c\u0103 expunerea adul\u021bilor tineri la lumin\u0103 albastr\u0103 de intensitate moderat\u0103 a produs o cre\u0219tere semnificativ\u0103 a excitabilit\u0103\u021bii corticale comparativ cu lumina portocalie, chiar dac\u0103 cele dou\u0103 p\u0103reau la fel de luminoase.<\/p>\n<p id=\"p-3\">Totu\u0219i, lumina albastr\u0103 de intensitate mai mare nu a amplificat acest efect \u0219i a indicat, dimpotriv\u0103, o tendin\u021b\u0103 de reducere a excitabilit\u0103\u021bii, suger\u00e2nd un model \u00een form\u0103 de U inversat, asociat performan\u021bei cognitive optime.<\/p>\n<h2 id=\"chapter-1\">Adolescen\u021bii nu prezint\u0103 modific\u0103ri detectabile \u00eentre condi\u021biile de lumin\u0103<\/h2>\n<p id=\"p-4\">\u00cen contrast, adolescen\u021bii nu au prezentat modific\u0103ri semnificative ale excitabilit\u0103\u021bii corticale \u00een niciuna dintre cele trei condi\u021bii de lumin\u0103 testate.<\/p>\n<p id=\"p-5\">Cercet\u0103torii sus\u021bin c\u0103 factori precum lentilele mai clare, pupilele mai mari \u0219i ritmurile circadiene aflate \u00een schimbare pot influen\u021ba sensibilitatea lor la lumin\u0103, subliniind necesitatea unor recomand\u0103ri adaptate v\u00e2rstei.<\/p>\n<h2 id=\"chapter-2\">Reactivitatea neural\u0103 prezice performan\u021ba comportamental\u0103<\/h2>\n<p id=\"p-6\">\u00cen ciuda diferen\u021belor fiziologice, at\u00e2t adul\u021bii tineri, c\u00e2t \u0219i adolescen\u021bii au prezentat o corela\u021bie puternic\u0103 \u00eentre excitabilitatea cortical\u0103 \u0219i performan\u021ba \u00eentr-o sarcin\u0103 de vigilen\u021b\u0103 ce necesita aten\u021bie sus\u021binut\u0103.<\/p>\n<p id=\"p-7\">Nivelurile mai ridicate de excitabilitate au prezis constant o performan\u021b\u0103 mai bun\u0103, indiferent de tipul de lumin\u0103.<\/p>\n<h2 id=\"chapter-3\">Implica\u021bii \u0219i direc\u021bii viitoare de cercetare<\/h2>\n<p id=\"p-8\">Studiul sugereaz\u0103 c\u0103 lumina albastr\u0103 poate influen\u021ba direct reactivitatea neural\u0103 \u00een timpul zilei, \u00eens\u0103 beneficiile depind de intensitate, iar expunerea excesiv\u0103 ar putea reduce excitabilitatea.<\/p>\n<p id=\"p-9\">Autorii subliniaz\u0103 necesitatea unor cercet\u0103ri suplimentare privind influen\u021ba momentului din zi, a unor game mai largi de intensit\u0103\u021bi \u0219i a diferen\u021belor de sensibilitate \u00eentre etapele de dezvoltare.<\/p>\n","protected":false},"excerpt":{"rendered":"<p>Un nou studiu publicat \u00een Neurobiology of Sleep and Circadian Rhythms arat\u0103 c\u0103 lumina albastr\u0103 poate influen\u021ba direct reactivitatea de baz\u0103 a creierului, amplific\u00e2nd excitabilitatea cortical\u0103 la adul\u021bii tineri, \u00een &hellip; <a href=\"https:\/\/microscopemedia.com\/?p=665189\" class=\"more-link\">Read More<\/a><\/p>\n","protected":false},"author":1,"featured_media":665190,"comment_status":"closed","ping_status":"closed","sticky":false,"template":"Default","format":"standard","meta":[],"categories":[1],"tags":[],"_links":{"self":[{"href":"https:\/\/microscopemedia.com\/index.php?rest_route=\/wp\/v2\/posts\/665189"}],"collection":[{"href":"https:\/\/microscopemedia.com\/index.php?rest_route=\/wp\/v2\/posts"}],"about":[{"href":"https:\/\/microscopemedia.com\/index.php?rest_route=\/wp\/v2\/types\/post"}],"author":[{"embeddable":true,"href":"https:\/\/microscopemedia.com\/index.php?rest_route=\/wp\/v2\/users\/1"}],"replies":[{"embeddable":true,"href":"https:\/\/microscopemedia.com\/index.php?rest_route=%2Fwp%2Fv2%2Fcomments&post=665189"}],"version-history":[{"count":0,"href":"https:\/\/microscopemedia.com\/index.php?rest_route=\/wp\/v2\/posts\/665189\/revisions"}],"wp:featuredmedia":[{"embeddable":true,"href":"https:\/\/microscopemedia.com\/index.php?rest_route=\/wp\/v2\/media\/665190"}],"wp:attachment":[{"href":"https:\/\/microscopemedia.com\/index.php?rest_route=%2Fwp%2Fv2%2Fmedia&parent=665189"}],"wp:term":[{"taxonomy":"category","embeddable":true,"href":"https:\/\/microscopemedia.com\/index.php?rest_route=%2Fwp%2Fv2%2Fcategories&post=665189"},{"taxonomy":"post_tag","embeddable":true,"href":"https:\/\/microscopemedia.com\/index.php?rest_route=%2Fwp%2Fv2%2Ftags&post=665189"}],"curies":[{"name":"wp","href":"https:\/\/api.w.org\/{rel}","templated":true}]}}