{"id":665193,"date":"2025-12-08T07:16:04","date_gmt":"2025-12-08T07:16:04","guid":{"rendered":"https:\/\/microscopemedia.com\/?p=665193"},"modified":"2025-12-08T07:16:04","modified_gmt":"2025-12-08T07:16:04","slug":"ue-adopta-politica-mai-dura-privind-imigratia-hub-uri-de-returnare-si-detentie-prelungita","status":"publish","type":"post","link":"https:\/\/microscopemedia.com\/?p=665193","title":{"rendered":"UE adopt\u0103 politic\u0103 mai dur\u0103 privind imigra\u021bia: Hub-uri de returnare \u0219i deten\u021bie prelungit\u0103"},"content":{"rendered":"<div><img decoding=\"async\" src=\"https:\/\/microscopemedia.com\/wp-content\/uploads\/2025\/12\/ue-adopta-politica-mai-dura-privind-imigratia-hub-uri-de-returnare-si-detentie-prelungita.jpg\" class=\"ff-og-image-inserted\"><\/div>\n<p class=\"font-claude-response-body break-words whitespace-normal \" id=\"p-0\">Cele 27 de \u021b\u0103ri ale UE ar trebui s\u0103 aprobe luni o \u00een\u0103sprire clar\u0103 a politicii migratorii. Mini\u0219trii de interne se vor pronun\u021ba pentru prima dat\u0103 asupra textelor prezentate de Comisia European\u0103.<\/p>\n<p class=\"font-claude-response-body break-words whitespace-normal \" id=\"p-1\">M\u0103surile vor reglementa mai strict sosirile \u0219i return\u0103rile migran\u021bilor. Conceptul de \u201ehub-uri de returnare\u201d va fi validat, scrie <a href=\"https:\/\/www.lefigaro.fr\/\">Le Figaro<\/a>.<\/p>\n<h2 class=\"font-claude-response-body break-words whitespace-normal \" id=\"chapter-0\"><strong>Trei m\u0103suri cheie ale politicii mai dure privind imigra\u021bia<\/strong><\/h2>\n<p class=\"font-claude-response-body break-words whitespace-normal \" id=\"p-2\">Prima m\u0103sur\u0103: deschiderea de centre \u00een afara frontierelor UE. Migran\u021bii ale c\u0103ror cereri de azil au fost respinse vor fi trimi\u0219i \u00een aceste \u201ehub-uri de returnare\u201d.<\/p>\n<p class=\"font-claude-response-body break-words whitespace-normal \" id=\"p-3\">A doua m\u0103sur\u0103: sanc\u021bionarea mai sever\u0103 a migran\u021bilor care refuz\u0103 s\u0103 p\u0103r\u0103seasc\u0103 teritoriul european. Ei vor face fa\u021b\u0103 unor perioade de deten\u021bie mai lungi.<\/p>\n<p class=\"font-claude-response-body break-words whitespace-normal \" id=\"p-4\">A treia m\u0103sur\u0103: retrimiterea migran\u021bilor c\u0103tre \u021b\u0103ri din care nu provin. Europa le consider\u0103 \u021b\u0103ri \u201esigure\u201d.<\/p>\n<h2 class=\"font-claude-response-body break-words whitespace-normal \" id=\"chapter-1\"><strong>Comisarul Brunner: \u201eTrebuie s\u0103 avem situa\u021bia sub control\u201d<\/strong><\/h2>\n<p class=\"font-claude-response-body break-words whitespace-normal \" id=\"p-5\">Num\u0103rul de sosiri a sc\u0103zut cu aproximativ 20% fa\u021b\u0103 de anul trecut. Cu toate acestea, presiunea asupra responsabililor politici ai UE nu a diminuat.<\/p>\n<p class=\"font-claude-response-body break-words whitespace-normal \" id=\"p-6\">\u201eTrebuie s\u0103 avans\u0103m pentru a le da cet\u0103\u021benilor sentimentul c\u0103 avem situa\u021bia sub control\u201d, a declarat joi comisarul european Magnus Brunner. El este <a href=\"https:\/\/www.mediafax.ro\/externe\/administratia-trump-va-reexamina-cartile-verzi-ale-imigrantilor-din-19-tari-23649554\">arhitectul<\/a> acestei \u00een\u0103spriri a politicii migra\u021bionale.<\/p>\n<h2 class=\"font-claude-response-body break-words whitespace-normal \" id=\"chapter-2\"><strong>Fran\u021ba \u0219i Spania, sceptice fa\u021b\u0103 de hub-urile de returnare<\/strong><\/h2>\n<p class=\"font-claude-response-body break-words whitespace-normal \" id=\"p-7\">Ideile lui Brunner provoac\u0103 reac\u021bii vehemente din partea st\u00e2ngii. Asocia\u021biile de protec\u021bie a migran\u021bilor denun\u021b\u0103 m\u0103suri care \u00eencalc\u0103 drepturile omului.<\/p>\n<p class=\"font-claude-response-body break-words whitespace-normal \" id=\"p-8\">\u201eUE alege politici care vor expune \u0219i mai multe persoane la pericol \u0219i la incertitudine juridic\u0103\u201d, avertizeaz\u0103 Silvia Carta de la PICUM. Organiza\u021bia protejeaz\u0103 persoane f\u0103r\u0103 documente.<\/p>\n<p class=\"font-claude-response-body break-words whitespace-normal \" id=\"p-9\">Fran\u021ba pune la \u00eendoial\u0103 legalitatea \u0219i eficacitatea unor m\u0103suri. Spania nu este convins\u0103 de \u201ecentrele de returnare\u201d, deja testate f\u0103r\u0103 succes real.<\/p>\n<h2 class=\"font-claude-response-body break-words whitespace-normal \" id=\"chapter-3\"><strong>Danemarca impulsioneaz\u0103 \u00een\u0103sprirea politicii migratorii<\/strong><\/h2>\n<p class=\"font-claude-response-body break-words whitespace-normal \" id=\"p-10\">Sub impulsul Danemarcei, care asigur\u0103 pre\u0219edin\u021bia rotativ\u0103 a UE, statele membre avanseaz\u0103 rapid. \u201eProgres\u0103m foarte repede\u201d, asigur\u0103 un diplomat european.<\/p>\n<p class=\"font-claude-response-body break-words whitespace-normal \" id=\"p-11\">Exist\u0103 o \u201evoin\u021b\u0103 politic\u0103 larg \u00eemp\u0103rt\u0103\u0219it\u0103\u201d \u00een r\u00e2ndul celor 27 de state. Dreapta \u0219i dreapta na\u021bional\u0103 sus\u021bin ferm aceste m\u0103suri.<\/p>\n<h2 class=\"font-claude-response-body break-words whitespace-normal \" id=\"chapter-4\"><strong>Sistem nou de repartizare a solicitan\u021bilor de azil<\/strong><\/h2>\n<p class=\"font-claude-response-body break-words whitespace-normal \" id=\"p-12\">Luni sunt prev\u0103zute discu\u021bii despre un nou sistem de repartizare a solicitan\u021bilor de azil. UE va cere statelor membre s\u0103 relocheze solicitan\u021bii pe teritoriul lor.<\/p>\n<p class=\"font-claude-response-body break-words whitespace-normal \" id=\"p-13\">\u00cen caz contrar, statele vor versa o contribu\u021bie financiar\u0103 de 20.000 de euro per solicitant. Banii vor merge c\u0103tre \u021b\u0103rile aflate sub presiune, precum Grecia \u0219i Italia.<\/p>\n<h2 class=\"font-claude-response-body break-words whitespace-normal \" id=\"chapter-5\"><strong>Belgia, Suedia \u0219i Austria refuz\u0103 relocarea migran\u021bilor<\/strong><\/h2>\n<p class=\"font-claude-response-body break-words whitespace-normal \" id=\"p-14\">Mai multe \u021b\u0103ri \u0219i-au exprimat deja opinia. Belgia, Suedia \u0219i Austria au anun\u021bat c\u0103 nu vor accepta solicitan\u021bi de azil din alte state membre.<\/p>\n<p class=\"font-claude-response-body break-words whitespace-normal \" id=\"p-15\">\u201ePu\u021bini mini\u0219tri de interne vor dori s\u0103 spun\u0103 \u00abok, am acceptat 3000\u00bb\u201d, prezice un responsabil european. P\u00e2n\u0103 la sf\u00e2r\u0219itul anului este necesar\u0103 o decizie final\u0103 privind distribuirea.<\/p>\n","protected":false},"excerpt":{"rendered":"<p>Cele 27 de \u021b\u0103ri ale UE ar trebui s\u0103 aprobe luni o \u00een\u0103sprire clar\u0103 a politicii migratorii. Mini\u0219trii de interne se vor pronun\u021ba pentru prima dat\u0103 asupra textelor prezentate de &hellip; <a href=\"https:\/\/microscopemedia.com\/?p=665193\" class=\"more-link\">Read More<\/a><\/p>\n","protected":false},"author":1,"featured_media":665194,"comment_status":"closed","ping_status":"closed","sticky":false,"template":"Default","format":"standard","meta":[],"categories":[1],"tags":[],"_links":{"self":[{"href":"https:\/\/microscopemedia.com\/index.php?rest_route=\/wp\/v2\/posts\/665193"}],"collection":[{"href":"https:\/\/microscopemedia.com\/index.php?rest_route=\/wp\/v2\/posts"}],"about":[{"href":"https:\/\/microscopemedia.com\/index.php?rest_route=\/wp\/v2\/types\/post"}],"author":[{"embeddable":true,"href":"https:\/\/microscopemedia.com\/index.php?rest_route=\/wp\/v2\/users\/1"}],"replies":[{"embeddable":true,"href":"https:\/\/microscopemedia.com\/index.php?rest_route=%2Fwp%2Fv2%2Fcomments&post=665193"}],"version-history":[{"count":0,"href":"https:\/\/microscopemedia.com\/index.php?rest_route=\/wp\/v2\/posts\/665193\/revisions"}],"wp:featuredmedia":[{"embeddable":true,"href":"https:\/\/microscopemedia.com\/index.php?rest_route=\/wp\/v2\/media\/665194"}],"wp:attachment":[{"href":"https:\/\/microscopemedia.com\/index.php?rest_route=%2Fwp%2Fv2%2Fmedia&parent=665193"}],"wp:term":[{"taxonomy":"category","embeddable":true,"href":"https:\/\/microscopemedia.com\/index.php?rest_route=%2Fwp%2Fv2%2Fcategories&post=665193"},{"taxonomy":"post_tag","embeddable":true,"href":"https:\/\/microscopemedia.com\/index.php?rest_route=%2Fwp%2Fv2%2Ftags&post=665193"}],"curies":[{"name":"wp","href":"https:\/\/api.w.org\/{rel}","templated":true}]}}