{"id":665209,"date":"2025-12-08T09:06:04","date_gmt":"2025-12-08T09:06:04","guid":{"rendered":"https:\/\/microscopemedia.com\/?p=665209"},"modified":"2025-12-08T09:06:04","modified_gmt":"2025-12-08T09:06:04","slug":"dominic-fritz-presedintele-usr-noi-vom-face-o-analiza-voi-convoca-un-congres-al-partidului","status":"publish","type":"post","link":"https:\/\/microscopemedia.com\/?p=665209","title":{"rendered":"Dominic Fritz, pre\u0219edintele USR: Noi vom face o analiz\u0103. Voi convoca un congres al partidului"},"content":{"rendered":"<div><img decoding=\"async\" src=\"https:\/\/microscopemedia.com\/wp-content\/uploads\/2025\/12\/dominic-fritz-presedintele-usr-noi-vom-face-o-analiza-voi-convoca-un-congres-al-partidului.jpg\" class=\"ff-og-image-inserted\"><\/div>\n<p id=\"p-0\"><span>\u201eNoi vom face, bine\u00een\u021beles, o analiz\u0103 acestor rezultate, o analiz\u0103 care nu va fi \u00eentotdeauna comod\u0103 pentru noi. Dup\u0103 cum v\u0103 imagina\u021bi, exist\u0103 p\u0103reri foarte diferite despre ce trebuie s\u0103 se \u00eent\u00e2mple acum \u00een USR \u0219i de obicei, cum este \u00eentr-un partid, fiecare are o alt\u0103 p\u0103rere \u0219i fiecare de obicei caut\u0103 vinov\u0103\u021bia la altcineva\u201d, a declarat Fritz, luni, \u00eentr-o conferin\u021b\u0103 de pres\u0103.&nbsp;<\/span><\/p>\n<p id=\"p-1\"><span>Acesta a declarat c\u0103 obiectivele USR r\u0103m\u00e2n neschimbate, subliniind: \u201eUSR este un proiect viabil, \u00een primul r\u00e2nd, pentru c\u0103 exist\u0103 foarte, foarte mul\u021bi rom\u00e2ni care \u00ee\u0219i doresc s\u0103 existe un proiect politic reformist, liberal, de centru \u00een Rom\u00e2nia\u201d.&nbsp;<\/span><\/p>\n<p id=\"p-2\"><span>Acesta a mai punctat: \u201eFiecare partid trece prin momente grele \u0219i USR a mai trecut prin momente grele. Eu sunt optimist c\u0103 vom trece \u0219i prin acest moment. Pentru oricine care ne c\u00e2nt\u0103 prohodul, pentru a un\u0219pea oar\u0103 pot s\u0103 spun c\u0103 nu v\u0103 facem aceast\u0103 favoare s\u0103 ne lu\u0103m r\u0103mas bun din politica rom\u00e2neasc\u0103\u201d.&nbsp;<\/span><\/p>\n<h2 id=\"chapter-0\">Care&nbsp; este viitorul USR?<\/h2>\n<p id=\"p-3\"><span>Despre viitorul partidului, Dominic Fritz \u0219i-a anun\u021bat inten\u021bia de a convoca un congres: \u201eVoi convoca un congres al partidului, cea mai probabil \u00een luna februarie, pentru a pune pe o nou\u0103 baz\u0103 inclusiv statutul partidului pentru c\u00e2teva schimb\u0103ri structurale care s\u0103 ne u\u0219ureze munca de a ne \u00eendeplini misiunea pentru care oamenii ne voteaz\u0103\u201d.&nbsp;<\/span><\/p>\n<p id=\"p-4\"><span>Acesta a r\u0103spuns \u0219i la declara\u021biile lui Marcel Cilacu care cerea ie\u0219irea USR de la guvernare: \u201eDac\u0103 v\u0103d c\u0103 cineva ca Marcel Ciolacu, care el a fost arhitectul deficitului de 10% care a s\u0103r\u0103cit Rom\u00e2nia, \u00ee\u0219i dore\u0219te s\u0103 dispar\u0103 USR din aceast\u0103 guvernare, \u00ee\u0219i dore\u0219te s\u0103 refac\u0103 fix coali\u021bia care ne-a dus \u00een criza \u00een care suntem, atunci pot s\u0103 spun c\u0103 asta spune multe \u0219i e evident c\u0103 USR deranjeaz\u0103\u201d.&nbsp;<\/span><\/p>\n<p id=\"p-5\"><span>Fritz a f\u0103cut declara\u021bii \u0219i despre viitorul partidului \u00een coali\u021bia de guvernare pe fondul apelurilor din partea PSD de a ie\u0219i de le guvernare: \u201eEu cred c\u0103 prezen\u021ba USR la guvernare, acolo unde avem mini\u0219tri, a ar\u0103tat c\u0103 avem curajul de a face schimb\u0103ri reale care duc beneficii reale. Ce e clar este c\u0103 faptul c\u0103 PSD \u00een aceste zile folose\u0219te USR ca un fel de sac de box nu este doar pentru a se desc\u0103rca de ni\u0219te emo\u021bii negative, ci este \u0219i un rezultat concret al ac\u021biunilor mini\u0219trilor no\u0219tri\u201d, subliniind: \u201enu am un motiv secret de ce nu putem s\u0103 continu\u0103m \u00een aceast\u0103 formul\u0103\u201d.&nbsp;&nbsp;&nbsp;<\/span><\/p>\n<p id=\"p-6\">&nbsp;<\/p>\n","protected":false},"excerpt":{"rendered":"<p>\u201eNoi vom face, bine\u00een\u021beles, o analiz\u0103 acestor rezultate, o analiz\u0103 care nu va fi \u00eentotdeauna comod\u0103 pentru noi. Dup\u0103 cum v\u0103 imagina\u021bi, exist\u0103 p\u0103reri foarte diferite despre ce trebuie s\u0103 &hellip; <a href=\"https:\/\/microscopemedia.com\/?p=665209\" class=\"more-link\">Read More<\/a><\/p>\n","protected":false},"author":1,"featured_media":665210,"comment_status":"closed","ping_status":"closed","sticky":false,"template":"Default","format":"standard","meta":[],"categories":[1],"tags":[],"_links":{"self":[{"href":"https:\/\/microscopemedia.com\/index.php?rest_route=\/wp\/v2\/posts\/665209"}],"collection":[{"href":"https:\/\/microscopemedia.com\/index.php?rest_route=\/wp\/v2\/posts"}],"about":[{"href":"https:\/\/microscopemedia.com\/index.php?rest_route=\/wp\/v2\/types\/post"}],"author":[{"embeddable":true,"href":"https:\/\/microscopemedia.com\/index.php?rest_route=\/wp\/v2\/users\/1"}],"replies":[{"embeddable":true,"href":"https:\/\/microscopemedia.com\/index.php?rest_route=%2Fwp%2Fv2%2Fcomments&post=665209"}],"version-history":[{"count":0,"href":"https:\/\/microscopemedia.com\/index.php?rest_route=\/wp\/v2\/posts\/665209\/revisions"}],"wp:featuredmedia":[{"embeddable":true,"href":"https:\/\/microscopemedia.com\/index.php?rest_route=\/wp\/v2\/media\/665210"}],"wp:attachment":[{"href":"https:\/\/microscopemedia.com\/index.php?rest_route=%2Fwp%2Fv2%2Fmedia&parent=665209"}],"wp:term":[{"taxonomy":"category","embeddable":true,"href":"https:\/\/microscopemedia.com\/index.php?rest_route=%2Fwp%2Fv2%2Fcategories&post=665209"},{"taxonomy":"post_tag","embeddable":true,"href":"https:\/\/microscopemedia.com\/index.php?rest_route=%2Fwp%2Fv2%2Ftags&post=665209"}],"curies":[{"name":"wp","href":"https:\/\/api.w.org\/{rel}","templated":true}]}}