{"id":665217,"date":"2025-12-08T09:57:03","date_gmt":"2025-12-08T09:57:03","guid":{"rendered":"https:\/\/microscopemedia.com\/?p=665217"},"modified":"2025-12-08T09:57:03","modified_gmt":"2025-12-08T09:57:03","slug":"valul-de-stanga-noua-nu-a-confirmat-la-aceste-alegeri-sens-a-luat-prin-ciceala-doar-cu-02-mai-mult-ca-la-parlamentare-dar-a-pierdut-peste-14-000-de-voturi","status":"publish","type":"post","link":"https:\/\/microscopemedia.com\/?p=665217","title":{"rendered":"Valul de st\u00e2nga nou\u0103 nu a confirmat la aceste alegeri. SENS a luat prin Ciceal\u0103 doar cu 0,2% mai mult ca la parlamentare, dar a pierdut peste 14.000 de voturi"},"content":{"rendered":"<div><img decoding=\"async\" src=\"https:\/\/microscopemedia.com\/wp-content\/uploads\/2025\/12\/valul-de-stanga-noua-nu-a-confirmat-la-aceste-alegeri-sens-a-luat-prin-ciceala-doar-cu-02-mai-mult-ca-la-parlamentare-dar-a-pierdut-peste-14-000-de-voturi.jpg\" class=\"ff-og-image-inserted\"><\/div>\n<p id=\"p-0\">De\u0219i au existat o mul\u021bime de sondaje ce o plasau pe canidata SENS, Ana Ciceal\u0103, la peste 7% \u0219i precizau c\u0103 este pe un tren ascendent, <a href=\"https:\/\/www.mediafax.ro\/politic\/alegeri-locale-bucuresti-ciprian-ciucu-domina-voturile-anca-alexandrescu-pe-locul-doi-23654590\">rezultatul final<\/a> este la nivel cu cel ob\u021binut de SENS \u00een Bucure\u0219ti la primele alegeri la care a participat.<\/p>\n<p id=\"p-1\">Contrastul devine \u0219i mai puternic dac\u0103 privim diferen\u021ba de vizibilitate. \u00cen decembrie 2024, SENS abia se f\u0103cea remarcat la nivel mediatic, fiind tratat ca un actor emergent. \u00cen campania pentru Capital\u0103, lucrurile s-au schimbat vizibil: Ana Ciceal\u0103 a beneficiat de apari\u021bii media consistente, de aten\u021bie online \u0219i de sprijinul mai multor influenceri, dar \u0219i de semnale publice de sus\u021binere din partea unor figuri precum <a href=\"https:\/\/www.mediafax.ro\/politic\/cristian-tudor-popescu-a-anuntat-cu-cine-voteaza-duminica-la-primaria-bucuresti-23651675\">Cristian Tudor Popescu<\/a> sau Mihai Bendeac. \u00cen mod normal, un astfel de nivel de expunere ar fi trebuit s\u0103 asigure o cre\u0219tere electoral\u0103 clar\u0103. Rezultatul ob\u021binut sugereaz\u0103 \u00eens\u0103 c\u0103 notorietatea nu s-a transformat \u00een voturi suplimentare pentru ea \u0219i partidul SENS.<\/p>\n<h2 id=\"chapter-0\">De ce nu a confirmat SENS. De la temele alese la votul util<\/h2>\n<p id=\"p-2\">Nu se poate spune c\u0103 presta\u021bia candidatei sau setul de idei al partidului ar fi reprezentat principala problem\u0103. De\u0219i exist\u0103 \u0219i aici un aspect notabil.<\/p>\n<p id=\"p-3\">Campania Anei Cical\u0103 \u0219i a SENS a mizat pe teme sociale \u0219i urbane, cu accent pe locuire \u2013 o zon\u0103 devenit\u0103 tot mai prezent\u0103 \u00een discursul st\u00e2ngii progresiste din marile metropole occidentale. Totu\u0219i, aceast\u0103 tem\u0103 nu pare s\u0103 fi avut greutatea a\u0219teptat\u0103 \u00een Bucure\u0219ti, unde datele recente arat\u0103 c\u0103 locuirea se afl\u0103 mult mai jos \u00eentre preocup\u0103rile imediate ale aleg\u0103torilor, domina\u021bi mai degrab\u0103 de teme precum corup\u021bia, traficul, costul vie\u021bii, poluarea sau infrastructura.<\/p>\n<p id=\"p-4\">Sorin Ioni\u021b\u0103 avertiza chiar \u00eenainte de alegeri asupra riscului unei campanii construite pe un subiect care nu corespunde cu agenda real\u0103 a electoratului: \u201eFascina\u0163i de Mamdani, copiem meme din r\u0103zboiul cultural american \u015fi le transpunem la noi f\u0103r\u0103 s\u0103 ne uit\u0103m pe date. Ultimul sondaj ARP arat\u0103 c\u0103 tema \u00ablocuin\u0163e, chirii\u00bb e foarte jos \u00een preocup\u0103rile publicului bucure\u015ftean. \u015eocant, e foarte jos chiar \u00een op\u0163iunile votan\u0163ilor Anei Ciceal\u0103, de\u015fi diver\u015fi comentatori mai cur\u00e2nd speculativi dec\u00e2t empirici o \u00eendeamn\u0103 s\u0103-\u015fi fac\u0103 din asta drapel. \u015ei fiindc\u0103 datele nu se potrivesc deloc cu retorica, sunt suprimate ca de obicei datele: por\u0163iunea asta din sondaj a trecut complet necomentat\u0103\u201d<\/p>\n<p id=\"p-5\">Pe l\u00e2ng\u0103 aceast\u0103 nepotrivire \u00eentre temele de campanie \u0219i agenda dominant\u0103 a electoratului, rezultatul SENS este afectat \u0219i de arhitectura institu\u021bional\u0103 a alegerilor.<\/p>\n<h2 id=\"chapter-1\">Alegerile \u00eentr-un sigur tur dau \u0219anse foarte mici partidelor \u0219i candida\u021bilor noi<\/h2>\n<p id=\"p-6\">Cauza principal\u0103 pare \u00eens\u0103 structural\u0103: votul \u00eentr-un singur tur. Aleg\u0103torul bucure\u0219tean, confruntat cu perspectiva unei competi\u021bii str\u00e2nse \u0219i a pericolului ca Bucure\u0219tiul s\u0103 cad\u0103 \u00een m\u00e2inile unui candidat considerat de ei inacceptabil, a optat masiv pentru votul util.<\/p>\n<p id=\"p-7\">Este un mecanism previzibil: simpatizan\u021bi care poate agreeaz\u0103 ideile SENS decid \u00een ultima clip\u0103 s\u0103 \u00ee\u0219i transfere votul c\u0103tre un candidat perceput ca av\u00e2nd \u0219anse reale de c\u00e2\u0219tig \u00eempotriva adversarului principal.<\/p>\n<p id=\"p-8\">Acest lucru pare s\u0103 fie confirmat \u0219i de datele ARA din ziua vot\u0103rii ce au ar\u0103tat c\u0103 aproape unul din doi bucure\u0219teni a votat \u201er\u0103ul cel mai mic\u201d, iar peste o tremie din votan\u021bi a decis \u00een ziua votului pe cine s\u0103 pun\u0103 \u0219tampila.<\/p>\n<p id=\"p-9\">Problema votului util a fost remarcat\u0103 \u0219i de Ana Ciceal\u0103 \u00een discursul de la \u00eenchiderea urnelor&gt; \u201ea\u015fa-zisul vot util ne-a afectat\u201d<\/p>\n<h2 id=\"chapter-2\">Ce urmeaz\u0103 pentru SENS<\/h2>\n<p id=\"p-10\">\u00cen acela\u0219i timp, rezultatul ob\u021binut acum nu reprezint\u0103 un cap\u0103t de drum nici pentru SENS, nici pentru Ana Ciceal\u0103. Politica recent\u0103 a Bucure\u0219tiului \u0219i a Rom\u00e2niei \u00een asambu ofer\u0103 deja un precedent relevant: Nicu\u0219or Dan a candidat de mai multe ori, at\u00e2t la Prim\u0103ria Capitalei, c\u00e2t \u0219i cu forma\u021biunea sa politic\u0103, \u00eenainte de a ajunge \u00een pozi\u021bia de primar general.<\/p>\n<p id=\"p-11\">\u201ePentru noi, una dintre mizele acestor alegeri a fost s\u0103 punem pe mas\u0103 subiecte pe care Bucure\u015ftiul, dar \u015fi alte ora\u015fe din Rom\u00e2nia le evit\u0103 de foarte mul\u0163i ani: costul vie\u0163ii, care zdrobe\u015fte familii \u00eentregi; criza locuirii, pe care o simte fiecare t\u00e2n\u0103r \u015fi fiecare p\u0103rinte; consolid\u0103rile cl\u0103dirilor cu risc seismic \u2013 o bomb\u0103 care pic\u0103 peste capetele noastre, aici, \u00een Bucure\u015fti; un Bucure\u015fti verde pe care vrem s\u0103 \u00eel construim; un Bucure\u015fti al speran\u0163ei, al \u00eencrederii \u015fi un vot pozitiv, nu un vot pentru r\u0103ul cel mai mic\u201d, a afirmat Cicieal\u0103 dup\u0103 publicarea exit-poll-urilor.<\/p>\n<p id=\"p-12\">Pentru SENS, urm\u0103torii doi ani p\u00e2n\u0103 la ciclul electoral din 2028 pot deveni decisivi. Forma\u021biunea are timp s\u0103 \u00ee\u0219i reevalueze mesajele, s\u0103 \u00ee\u0219i calibreze mai fin temele de campanie \u00een raport cu preocup\u0103rile reale ale bucure\u0219tenilor \u0219i ale rom\u00e2nilor. Partidul se afl\u0103 \u00een fa\u021ba unei dileme clasice, aproape cli\u0219eice, a politicii rom\u00e2ne\u0219ti: cum s\u0103 evite capcana \u201eformelor f\u0103r\u0103 fond\u201d, \u00een care preiei teme, revendic\u0103ri \u0219i limbaje validante la nivel interna\u021bional, dar insuficient ancorate \u00een realit\u0103\u021bile locale.<\/p>\n<p id=\"p-13\">Totodat\u0103, partidul are \u0219ansa de a se construi organiza\u021bional, de a consolida filiale, de a ie\u0219i din zona exclusiv online \u0219i ora\u0219e mari \u0219i de a testa, pas cu pas, posibile formule de cooperare cu alte for\u021be politice cu care \u00eemparte o parte din electorat.<\/p>\n<p id=\"p-14\">Exist\u0103 \u0219i motive de optimism. Datele de segmentare electoral\u0103 indic\u0103 faptul c\u0103 SENS a performat relativ bine \u00een r\u00e2ndul tinerilor. Chiar dac\u0103 aceste rezultate nu au fost suficiente pentru un salt la nivelul \u00eentregului Bucure\u0219ti, ele arat\u0103 c\u0103 exist\u0103 un nucleu genera\u021bional pe care partidul \u00eel poate cultiva \u0219i extinde. Dac\u0103 acest capital de \u00eencredere este dublat de o adaptare inteligent\u0103 a mesajului \u0219i de o prezen\u021b\u0103 constant\u0103 \u00een urm\u0103torii ani, SENS \u0219i Ana Ciceal\u0103 pot construi o st\u00e2nga real\u0103 \u00een Rom\u00e2nia pentru ciclul electoral din 2028. Zona de st\u00e2nga autentic\u0103 fiind l\u0103sat\u0103 aproape goal\u0103 de migrarea PSD-ului spre centrul \u0219i cultural chiar dreapta e\u0219icherului politic.<\/p>\n","protected":false},"excerpt":{"rendered":"<p>De\u0219i au existat o mul\u021bime de sondaje ce o plasau pe canidata SENS, Ana Ciceal\u0103, la peste 7% \u0219i precizau c\u0103 este pe un tren ascendent, rezultatul final este la &hellip; <a href=\"https:\/\/microscopemedia.com\/?p=665217\" class=\"more-link\">Read More<\/a><\/p>\n","protected":false},"author":1,"featured_media":665218,"comment_status":"closed","ping_status":"closed","sticky":false,"template":"Default","format":"standard","meta":[],"categories":[1],"tags":[],"_links":{"self":[{"href":"https:\/\/microscopemedia.com\/index.php?rest_route=\/wp\/v2\/posts\/665217"}],"collection":[{"href":"https:\/\/microscopemedia.com\/index.php?rest_route=\/wp\/v2\/posts"}],"about":[{"href":"https:\/\/microscopemedia.com\/index.php?rest_route=\/wp\/v2\/types\/post"}],"author":[{"embeddable":true,"href":"https:\/\/microscopemedia.com\/index.php?rest_route=\/wp\/v2\/users\/1"}],"replies":[{"embeddable":true,"href":"https:\/\/microscopemedia.com\/index.php?rest_route=%2Fwp%2Fv2%2Fcomments&post=665217"}],"version-history":[{"count":0,"href":"https:\/\/microscopemedia.com\/index.php?rest_route=\/wp\/v2\/posts\/665217\/revisions"}],"wp:featuredmedia":[{"embeddable":true,"href":"https:\/\/microscopemedia.com\/index.php?rest_route=\/wp\/v2\/media\/665218"}],"wp:attachment":[{"href":"https:\/\/microscopemedia.com\/index.php?rest_route=%2Fwp%2Fv2%2Fmedia&parent=665217"}],"wp:term":[{"taxonomy":"category","embeddable":true,"href":"https:\/\/microscopemedia.com\/index.php?rest_route=%2Fwp%2Fv2%2Fcategories&post=665217"},{"taxonomy":"post_tag","embeddable":true,"href":"https:\/\/microscopemedia.com\/index.php?rest_route=%2Fwp%2Fv2%2Ftags&post=665217"}],"curies":[{"name":"wp","href":"https:\/\/api.w.org\/{rel}","templated":true}]}}