{"id":665223,"date":"2025-12-08T10:46:04","date_gmt":"2025-12-08T10:46:04","guid":{"rendered":"https:\/\/microscopemedia.com\/?p=665223"},"modified":"2025-12-08T10:46:04","modified_gmt":"2025-12-08T10:46:04","slug":"traian-basescu-despre-rezultatul-usr-la-alegerile-partiale-a-decontat-convingerea-ministrilor-usr-ca-ei-nu-au-responsabilitate","status":"publish","type":"post","link":"https:\/\/microscopemedia.com\/?p=665223","title":{"rendered":"Traian B\u0103sescu despre rezultatul USR la alegerile par\u021biale: A decontat convingerea mini\u0219trilor USR c\u0103 ei nu au responsabilitate"},"content":{"rendered":"<div><img decoding=\"async\" src=\"https:\/\/microscopemedia.com\/wp-content\/uploads\/2025\/12\/traian-basescu-despre-rezultatul-usr-la-alegerile-partiale-a-decontat-convingerea-ministrilor-usr-ca-ei-nu-au-responsabilitate.jpg\" class=\"ff-og-image-inserted\"><\/div>\n<p id=\"p-0\"><span>&nbsp;Despre sus\u021binerea lui C\u0103t\u0103lin Drul\u0103 de c\u0103tre pre\u0219edintele Nicu\u0219or Dan, fostul pre\u0219edintele a spus: \u201eEu nu pot s\u0103-l acuz de pre\u0219edinte, c\u0103 a gre\u0219it, pentru c\u0103 \u0219i eu am sus\u021binut candidatul de dup\u0103 mine, c\u00e2nd am plecat de la prim\u0103rie la Cotroceni. Nu pot fi demagog s\u0103 spun c\u0103 a gre\u0219it domnul pre\u0219edinte\u201d, ad\u0103ug\u00e2nd: \u201enu cred c\u0103 a influen\u021bat rezultatul ob\u021binut de domnul Drul\u0103. Nu sus\u021binerea pre\u0219edintelui l-a f\u0103cut s\u0103 ob\u021bin\u0103 12%\u201d.&nbsp;<\/span><\/p>\n<p id=\"p-1\"><span>Traian B\u0103sescu a sus\u021binut c\u0103 rezultatul slab al lui Drul\u0103 a fost efectul ac\u021biunilor mini\u0219trilor USR: \u201eProbabil uit\u0103m c\u0103 avem un Praid, uit\u0103m c\u0103 avem \u00een Prahova 100.000 de cet\u0103\u021beni care n-au ap\u0103. A decontat \u00een primul r\u00e2nd convingerea mini\u0219trilor USR c\u0103 ei nu au vin\u0103 \u0219i responsabilitate.<\/span> <span>Cum la un dezastru cum este Praidul \u0219i Prahova, ministrul s\u0103 vin\u0103 s\u0103 spun\u0103 senin, nu e r\u0103spunderea mea, ai r\u0103spundere politic\u0103. \u00cen momentul \u00een care te-ai dus la Ministerul Mediului, te-ai asumat r\u0103spunderea politic\u0103 pentru acest minister. \u0218i pentru bune \u0219i pentru rele.&nbsp; Deci cred c\u0103 marea problem\u0103 este la\u0219itatea \u0219i asumarea. Eu sunt ministru dar sunt f\u0103r\u0103 nicio r\u0103spundere\u201d.&nbsp;<\/span><\/p>\n<p id=\"p-2\"><span>\u201eDomnul Drula a fost executat pentru ceea ce USR-ul a f\u0103cut la guvernare ad\u0103ug\u00e2ndu-l \u0219i pe fostul ministru al ap\u0103r\u0103rii\u201d, a spus fostul pre\u0219edinte, luni, la Digi24.&nbsp;<\/span><\/p>\n<p id=\"p-3\">&nbsp;<\/p>\n","protected":false},"excerpt":{"rendered":"<p>&nbsp;Despre sus\u021binerea lui C\u0103t\u0103lin Drul\u0103 de c\u0103tre pre\u0219edintele Nicu\u0219or Dan, fostul pre\u0219edintele a spus: \u201eEu nu pot s\u0103-l acuz de pre\u0219edinte, c\u0103 a gre\u0219it, pentru c\u0103 \u0219i eu am sus\u021binut &hellip; <a href=\"https:\/\/microscopemedia.com\/?p=665223\" class=\"more-link\">Read More<\/a><\/p>\n","protected":false},"author":1,"featured_media":665224,"comment_status":"closed","ping_status":"closed","sticky":false,"template":"Default","format":"standard","meta":[],"categories":[1],"tags":[],"_links":{"self":[{"href":"https:\/\/microscopemedia.com\/index.php?rest_route=\/wp\/v2\/posts\/665223"}],"collection":[{"href":"https:\/\/microscopemedia.com\/index.php?rest_route=\/wp\/v2\/posts"}],"about":[{"href":"https:\/\/microscopemedia.com\/index.php?rest_route=\/wp\/v2\/types\/post"}],"author":[{"embeddable":true,"href":"https:\/\/microscopemedia.com\/index.php?rest_route=\/wp\/v2\/users\/1"}],"replies":[{"embeddable":true,"href":"https:\/\/microscopemedia.com\/index.php?rest_route=%2Fwp%2Fv2%2Fcomments&post=665223"}],"version-history":[{"count":0,"href":"https:\/\/microscopemedia.com\/index.php?rest_route=\/wp\/v2\/posts\/665223\/revisions"}],"wp:featuredmedia":[{"embeddable":true,"href":"https:\/\/microscopemedia.com\/index.php?rest_route=\/wp\/v2\/media\/665224"}],"wp:attachment":[{"href":"https:\/\/microscopemedia.com\/index.php?rest_route=%2Fwp%2Fv2%2Fmedia&parent=665223"}],"wp:term":[{"taxonomy":"category","embeddable":true,"href":"https:\/\/microscopemedia.com\/index.php?rest_route=%2Fwp%2Fv2%2Fcategories&post=665223"},{"taxonomy":"post_tag","embeddable":true,"href":"https:\/\/microscopemedia.com\/index.php?rest_route=%2Fwp%2Fv2%2Ftags&post=665223"}],"curies":[{"name":"wp","href":"https:\/\/api.w.org\/{rel}","templated":true}]}}