{"id":665227,"date":"2025-12-08T11:16:04","date_gmt":"2025-12-08T11:16:04","guid":{"rendered":"https:\/\/microscopemedia.com\/?p=665227"},"modified":"2025-12-08T11:16:04","modified_gmt":"2025-12-08T11:16:04","slug":"traian-basescu-despre-pozitia-premierului-bolojan-iese-consolidat-in-coalitie","status":"publish","type":"post","link":"https:\/\/microscopemedia.com\/?p=665227","title":{"rendered":"Traian B\u0103sescu despre pozi\u021bia premierului: Bolojan iese consolidat \u00een coali\u021bie"},"content":{"rendered":"<div><img decoding=\"async\" src=\"https:\/\/microscopemedia.com\/wp-content\/uploads\/2025\/12\/traian-basescu-despre-pozitia-premierului-bolojan-iese-consolidat-in-coalitie.webp\" class=\"ff-og-image-inserted\"><\/div>\n<p id=\"p-0\"><span>\u201eBolojan iese consolidat \u00een coali\u021bie. Imagina\u021bi-v\u0103 cum ar\u0103ta Grindeanu dac\u0103 ar fi c\u00e2\u0219tigat B\u0103lu\u021b\u0103. Cred c\u0103 avea gu\u0219a umflat\u0103 de nu \u00eenc\u0103pea pe u\u0219\u0103 la \u00eent\u00e2lnirile de coali\u021bie\u201d, a declarat B\u0103sescu, luni, la Digi24.&nbsp;<\/span><\/p>\n<p id=\"p-1\"><span>Fostul pre\u0219edinte a criticat \u0219i modul de func\u021bionare al coali\u021biei, declar\u00e2nd: \u201eDiscut\u0103m de o coali\u021bie care trebuie s\u0103 negocieze de fiecare pas. \u00cens\u0103 aceast\u0103 negociere are o limit\u0103. P\u00e2n\u0103 la limita la care conte\u0219ti autoritatea prim-ministrului \u0219i crezi c\u0103 tu, care e\u0219ti coali\u021bie, deci o institu\u021bie care nu exist\u0103 \u00een Constitu\u021bie, vii \u0219i-i spui celui care prin Constitu\u021bie are responsabilit\u0103\u021bi, cum s\u0103 fac\u0103 \u0219i c\u0103 numai a\u0219a se poate face c\u0103 dac\u0103 nu tu pleci de la guvernare\u201d.&nbsp;<\/span><\/p>\n<p id=\"p-2\"><span>Privind pozi\u021bia \u0219i rolul premierului Bolojan, fostul \u0219ef de stat a spus: \u201edup\u0103 p\u0103rerea mea, Bolojan este \u00eent\u0103rit, este \u00eentr-o coali\u021bie, trebuie s\u0103 discute, dar responsabilitatea deciziilor \u00eei apar\u021bine lui \u0219i nu lui Grindeanu, nu lui Fritz sau mai \u0219tiu eu cui\u201d.&nbsp;<\/span><\/p>\n<p id=\"p-3\"><span>Ciprian Ciucu, candidatul PNL la alegerile par\u021biale pentru Prim\u0103ria General\u0103, a c\u00e2\u0219tigat scrutinul de duminic\u0103 cu 36,16% din voturi (211.562), conform datelor centralizate din toate sec\u021biile de votare.&nbsp;<\/span><\/p>\n","protected":false},"excerpt":{"rendered":"<p>\u201eBolojan iese consolidat \u00een coali\u021bie. Imagina\u021bi-v\u0103 cum ar\u0103ta Grindeanu dac\u0103 ar fi c\u00e2\u0219tigat B\u0103lu\u021b\u0103. Cred c\u0103 avea gu\u0219a umflat\u0103 de nu \u00eenc\u0103pea pe u\u0219\u0103 la \u00eent\u00e2lnirile de coali\u021bie\u201d, a declarat &hellip; <a href=\"https:\/\/microscopemedia.com\/?p=665227\" class=\"more-link\">Read More<\/a><\/p>\n","protected":false},"author":1,"featured_media":665228,"comment_status":"closed","ping_status":"closed","sticky":false,"template":"Default","format":"standard","meta":[],"categories":[1],"tags":[],"_links":{"self":[{"href":"https:\/\/microscopemedia.com\/index.php?rest_route=\/wp\/v2\/posts\/665227"}],"collection":[{"href":"https:\/\/microscopemedia.com\/index.php?rest_route=\/wp\/v2\/posts"}],"about":[{"href":"https:\/\/microscopemedia.com\/index.php?rest_route=\/wp\/v2\/types\/post"}],"author":[{"embeddable":true,"href":"https:\/\/microscopemedia.com\/index.php?rest_route=\/wp\/v2\/users\/1"}],"replies":[{"embeddable":true,"href":"https:\/\/microscopemedia.com\/index.php?rest_route=%2Fwp%2Fv2%2Fcomments&post=665227"}],"version-history":[{"count":0,"href":"https:\/\/microscopemedia.com\/index.php?rest_route=\/wp\/v2\/posts\/665227\/revisions"}],"wp:featuredmedia":[{"embeddable":true,"href":"https:\/\/microscopemedia.com\/index.php?rest_route=\/wp\/v2\/media\/665228"}],"wp:attachment":[{"href":"https:\/\/microscopemedia.com\/index.php?rest_route=%2Fwp%2Fv2%2Fmedia&parent=665227"}],"wp:term":[{"taxonomy":"category","embeddable":true,"href":"https:\/\/microscopemedia.com\/index.php?rest_route=%2Fwp%2Fv2%2Fcategories&post=665227"},{"taxonomy":"post_tag","embeddable":true,"href":"https:\/\/microscopemedia.com\/index.php?rest_route=%2Fwp%2Fv2%2Ftags&post=665227"}],"curies":[{"name":"wp","href":"https:\/\/api.w.org\/{rel}","templated":true}]}}