{"id":665231,"date":"2025-12-08T11:46:03","date_gmt":"2025-12-08T11:46:03","guid":{"rendered":"https:\/\/microscopemedia.com\/?p=665231"},"modified":"2025-12-08T11:46:03","modified_gmt":"2025-12-08T11:46:03","slug":"probleme-in-lot-pentru-chivu-inainte-de-confruntarea-lui-inter-cu-liverpool-din-champions-league","status":"publish","type":"post","link":"https:\/\/microscopemedia.com\/?p=665231","title":{"rendered":"Probleme \u00een lot pentru Chivu \u00eenainte de confruntarea lui Inter cu Liverpool din Champions League"},"content":{"rendered":"<div><img decoding=\"async\" src=\"https:\/\/microscopemedia.com\/wp-content\/uploads\/2025\/12\/probleme-in-lot-pentru-chivu-inainte-de-confruntarea-lui-inter-cu-liverpool-din-champions-league.jpg\" class=\"ff-og-image-inserted\"><\/div>\n<p id=\"p-0\">Akanji a fost o prezen\u021b\u0103 constant\u0103 \u00een acest sezon \u00een echipa antrenat\u0103 de rom\u00e2nul Cristian Chivu, at\u00e2t \u00een campionat, c\u00e2t \u0219i \u00een UEFA Champions League. Elve\u021bianul a lipsit de la antrenamentul de luni diminea\u021b\u0103 al echipei Inter Milano, potrivit Gazzetta dello Sport.<\/p>\n<p id=\"p-1\">Akanji a ratat, \u00een acest sezon, doar partida de Cupa Italiei cu Venezia \u0219i nu a fost schimbat niciodat\u0103 \u00een cele 12 meciuri disputate \u00een <a href=\"https:\/\/www.mediafax.ro\/stirile-zilei\/inter-milan-urca-pe-primul-loc-in-seria-a-dupa-ce-a-invins-cu-4-0-pe-como-23653899\" target=\"_blank\" rel=\"noopener\">Serie A<\/a> ca titular.<\/p>\n<p id=\"p-2\">\u00cen Liga Campionilor a \u00eenceput \u00een primul unsprezece \u00eempotriva lui Ajax \u0219i Atletico Madrid, iar \u00een celelalte partide a intrat de pe banc\u0103.<\/p>\n<p id=\"p-3\">\u00cen cazul \u00een care starea sa nu \u00eei va permite s\u0103 fie folosit, Chivu \u00eel are ca op\u021biune alternativ\u0103 pe postul lui Akanji pe danezul Yann Aurel Bisseck.<\/p>\n<p id=\"p-4\">Partida dintre Inter \u0219i Liverpool este programat\u0103 mar\u021bi, de la ora 22:00, \u0219i conteaz\u0103 pentru etapa a \u0219asea din faza ligii.<\/p>\n<p id=\"p-5\">Echipa preg\u0103tit\u0103 de Cristi Chivu ocup\u0103 locul 4 \u00een clasament, cu 12 puncte, la egalitate cu Paris Saint-Germain, Bayern Munchen \u0219i Real Madrid, \u0219i la 3 puncte \u00een urma liderului, Arsenal Londra.<\/p>\n","protected":false},"excerpt":{"rendered":"<p>Akanji a fost o prezen\u021b\u0103 constant\u0103 \u00een acest sezon \u00een echipa antrenat\u0103 de rom\u00e2nul Cristian Chivu, at\u00e2t \u00een campionat, c\u00e2t \u0219i \u00een UEFA Champions League. Elve\u021bianul a lipsit de la &hellip; <a href=\"https:\/\/microscopemedia.com\/?p=665231\" class=\"more-link\">Read More<\/a><\/p>\n","protected":false},"author":1,"featured_media":665232,"comment_status":"closed","ping_status":"closed","sticky":false,"template":"Default","format":"standard","meta":[],"categories":[1],"tags":[],"_links":{"self":[{"href":"https:\/\/microscopemedia.com\/index.php?rest_route=\/wp\/v2\/posts\/665231"}],"collection":[{"href":"https:\/\/microscopemedia.com\/index.php?rest_route=\/wp\/v2\/posts"}],"about":[{"href":"https:\/\/microscopemedia.com\/index.php?rest_route=\/wp\/v2\/types\/post"}],"author":[{"embeddable":true,"href":"https:\/\/microscopemedia.com\/index.php?rest_route=\/wp\/v2\/users\/1"}],"replies":[{"embeddable":true,"href":"https:\/\/microscopemedia.com\/index.php?rest_route=%2Fwp%2Fv2%2Fcomments&post=665231"}],"version-history":[{"count":0,"href":"https:\/\/microscopemedia.com\/index.php?rest_route=\/wp\/v2\/posts\/665231\/revisions"}],"wp:featuredmedia":[{"embeddable":true,"href":"https:\/\/microscopemedia.com\/index.php?rest_route=\/wp\/v2\/media\/665232"}],"wp:attachment":[{"href":"https:\/\/microscopemedia.com\/index.php?rest_route=%2Fwp%2Fv2%2Fmedia&parent=665231"}],"wp:term":[{"taxonomy":"category","embeddable":true,"href":"https:\/\/microscopemedia.com\/index.php?rest_route=%2Fwp%2Fv2%2Fcategories&post=665231"},{"taxonomy":"post_tag","embeddable":true,"href":"https:\/\/microscopemedia.com\/index.php?rest_route=%2Fwp%2Fv2%2Ftags&post=665231"}],"curies":[{"name":"wp","href":"https:\/\/api.w.org\/{rel}","templated":true}]}}