{"id":665233,"date":"2025-12-08T11:56:04","date_gmt":"2025-12-08T11:56:04","guid":{"rendered":"https:\/\/microscopemedia.com\/?p=665233"},"modified":"2025-12-08T11:56:04","modified_gmt":"2025-12-08T11:56:04","slug":"trans-si-non-binar-marcate-pe-documentele-de-identitate-ce-tara-permite-asta-incepand-cu-acest-an","status":"publish","type":"post","link":"https:\/\/microscopemedia.com\/?p=665233","title":{"rendered":"\u201eTrans\u201d \u0219i \u201enon-binar\u201d, marcate pe documentele de identitate. Ce \u021bar\u0103 permite asta \u00eencep\u00e2nd cu acest an"},"content":{"rendered":"<div><img decoding=\"async\" src=\"https:\/\/microscopemedia.com\/wp-content\/uploads\/2025\/12\/trans-si-non-binar-marcate-pe-documentele-de-identitate-ce-tara-permite-asta-incepand-cu-acest-an.jpg\" class=\"ff-og-image-inserted\"><\/div>\n<p id=\"p-0\">\u201e\u00centregul proces va fi inclus \u00een fiecare dintre sta\u021biile de servicii integrate ale celor peste 1.200 de birouri pe care le are Registrul Na\u021bional\u201d, a asigurat registratorul, Hern\u00e1n Penagos, \u00eentr-o conferin\u021b\u0103 de pres\u0103 la Bogot\u00e1, scrie <a href=\"https:\/\/efeminista.com\/colombia-trans-no-binario-documentos-identidad\/\" target=\"_blank\" rel=\"noopener\">EFE<\/a>.<\/p>\n<p id=\"p-1\">Noua m\u0103sur\u0103 se aplic\u0103&nbsp;c\u0103r\u021bilor de identitate, registrelor civile \u0219i c\u0103r\u021bilor de identitate&nbsp;\u0219i, potrivit ofi\u021berului de stare civil\u0103, este un \u201eexemplu clar al democra\u021biei de care are nevoie Columbia\u201d.<\/p>\n<h2 id=\"chapter-0\">Dreptul la identificare<\/h2>\n<p id=\"p-2\">Penagos a subliniat, de asemenea, c\u0103, \u00een a\u0219teptarea alegerilor din 2026, organiza\u021bia \u201edepune eforturi pentru&nbsp;a se asigura c\u0103 to\u021bi oamenii \u00ee\u0219i pot exercita drepturile politice f\u0103r\u0103 niciun fel de discriminare&nbsp;\u201d.<\/p>\n<p id=\"p-3\">Registrul a indicat c\u0103, din 2022, \u201eau fost desf\u0103\u0219urate 17 zile de identificare destinate comunit\u0103\u021bii&nbsp;LGBTIQ+&nbsp;, \u00een cadrul c\u0103rora au fost livrate peste 750 de documente, inclusiv c\u0103r\u021bi de identitate, acte de stare civil\u0103 \u0219i c\u0103r\u021bi de identitate\u201d.<\/p>\n<p id=\"p-4\">\u00cen 2024, cel pu\u021bin 164 de persoane au fost ucise&nbsp;\u00een Columbia din motive legate de&nbsp;orientarea lor sexual\u0103 sau identitatea de gen&nbsp;, ceea ce reprezint\u0103 o cre\u0219tere de 3,8% fa\u021b\u0103 de 2023, potrivit unui raport al organiza\u021biei Caribe Afirmativo.<\/p>\n<p id=\"p-5\">Femeile trans&nbsp;au fost&nbsp;grupul cel mai afectat de violen\u021ba omoral\u0103, reprezent\u00e2nd&nbsp;18% din totalul victimelor&nbsp;.<\/p>\n","protected":false},"excerpt":{"rendered":"<p>\u201e\u00centregul proces va fi inclus \u00een fiecare dintre sta\u021biile de servicii integrate ale celor peste 1.200 de birouri pe care le are Registrul Na\u021bional\u201d, a asigurat registratorul, Hern\u00e1n Penagos, \u00eentr-o &hellip; <a href=\"https:\/\/microscopemedia.com\/?p=665233\" class=\"more-link\">Read More<\/a><\/p>\n","protected":false},"author":1,"featured_media":665234,"comment_status":"closed","ping_status":"closed","sticky":false,"template":"Default","format":"standard","meta":[],"categories":[1],"tags":[],"_links":{"self":[{"href":"https:\/\/microscopemedia.com\/index.php?rest_route=\/wp\/v2\/posts\/665233"}],"collection":[{"href":"https:\/\/microscopemedia.com\/index.php?rest_route=\/wp\/v2\/posts"}],"about":[{"href":"https:\/\/microscopemedia.com\/index.php?rest_route=\/wp\/v2\/types\/post"}],"author":[{"embeddable":true,"href":"https:\/\/microscopemedia.com\/index.php?rest_route=\/wp\/v2\/users\/1"}],"replies":[{"embeddable":true,"href":"https:\/\/microscopemedia.com\/index.php?rest_route=%2Fwp%2Fv2%2Fcomments&post=665233"}],"version-history":[{"count":0,"href":"https:\/\/microscopemedia.com\/index.php?rest_route=\/wp\/v2\/posts\/665233\/revisions"}],"wp:featuredmedia":[{"embeddable":true,"href":"https:\/\/microscopemedia.com\/index.php?rest_route=\/wp\/v2\/media\/665234"}],"wp:attachment":[{"href":"https:\/\/microscopemedia.com\/index.php?rest_route=%2Fwp%2Fv2%2Fmedia&parent=665233"}],"wp:term":[{"taxonomy":"category","embeddable":true,"href":"https:\/\/microscopemedia.com\/index.php?rest_route=%2Fwp%2Fv2%2Fcategories&post=665233"},{"taxonomy":"post_tag","embeddable":true,"href":"https:\/\/microscopemedia.com\/index.php?rest_route=%2Fwp%2Fv2%2Ftags&post=665233"}],"curies":[{"name":"wp","href":"https:\/\/api.w.org\/{rel}","templated":true}]}}