{"id":665239,"date":"2025-12-08T12:37:03","date_gmt":"2025-12-08T12:37:03","guid":{"rendered":"https:\/\/microscopemedia.com\/?p=665239"},"modified":"2025-12-08T12:37:03","modified_gmt":"2025-12-08T12:37:03","slug":"prahova-apa-ajunge-de-luni-in-toate-cele-13-localitati-afectate-potabilitatea-este-inca-verificata","status":"publish","type":"post","link":"https:\/\/microscopemedia.com\/?p=665239","title":{"rendered":"Prahova: Apa ajunge de luni \u00een toate cele 13 localit\u0103\u021bi afectate. Potabilitatea este \u00eenc\u0103 verificat\u0103"},"content":{"rendered":"<div><img decoding=\"async\" src=\"https:\/\/microscopemedia.com\/wp-content\/uploads\/2025\/12\/prahova-apa-ajunge-de-luni-in-toate-cele-13-localitati-afectate-potabilitatea-este-inca-verificata.jpg\" class=\"ff-og-image-inserted\"><\/div>\n<p class=\"pf0\" id=\"p-1\"><span class=\"cf0\">\u201eDin aceast<\/span><span class=\"cf1\">\u0103 diminea\u021b\u0103, sistemul operat de <\/span><span class=\"cf1\">Hidro<\/span><span class=\"cf1\"> Prahova este complet amorsat, iar apa circul\u0103 <\/span><span class=\"cf2\">\u00een toate cele 13 localit<\/span><span class=\"cf1\">\u0103\u021bi afectate de oprirea furniz\u0103rii de vinerea trecut\u0103\u201d, a transmis Prefectura.<\/span><\/p>\n<p class=\"pf0\" id=\"p-2\"><span class=\"cf1\">Alimentarea cu ap\u0103 a <\/span><span class=\"cf2\">\u00eenceput la <span><a href=\"https:\/\/www.mediafax.ro\/social\/prahova-in-unele-localitati-apa-nu-a-ajuns-inca-in-altele-au-fost-inregistrate-avarii-23653827\" target=\"_blank\" rel=\"noopener\">sf\u00e2r<\/a><\/span><\/span><span class=\"cf1\">\u0219itul s\u0103pt\u0103m<\/span><span class=\"cf2\"><span>\u00e2nii trecute<\/span>, doar nu \u00een toate localit<\/span><span class=\"cf1\">\u0103\u021bile.<\/span><\/p>\n<p class=\"pf0\" id=\"p-3\"><span class=\"cf1\">Alimentarea a fost restabilit\u0103 controlat, pentru a proteja infrastructura \u0219i pentru a stabiliza presiunea <\/span><span class=\"cf2\">\u00een fiecare zon<\/span><span class=\"cf1\">\u0103.<\/span><\/p>\n<p class=\"pf0\" id=\"p-4\"><span class=\"cf1\">Urm\u0103toarea etap\u0103 este verificarea calit\u0103\u021bii apei de c\u0103tre Direc\u021bia de S\u0103n\u0103tate Public\u0103 Prahova. Prelev\u0103rile vor <\/span><span class=\"cf1\">incepe<\/span><span class=\"cf1\"> luni \u0219i vor continua p<\/span><span class=\"cf2\">\u00e2n<\/span><span class=\"cf1\">\u0103 la confirmarea potabilit\u0103\u021bii <\/span><span class=\"cf2\">\u00een toate punctele din re<\/span><span class=\"cf1\">\u021bea.<\/span><\/p>\n<p class=\"pf0\" id=\"p-5\"><span class=\"cf1\">Prefectura anun\u021b\u0103 c\u0103 apa care pleac\u0103 din sta\u021bia de tratare se <\/span><span class=\"cf2\">\u00eencadreaz<\/span><span class=\"cf1\">\u0103 <\/span><span class=\"cf2\">\u00een parametrii.<\/span><\/p>\n<p class=\"pf0\" id=\"p-6\"><span class=\"cf0\">\u201ePe conducta de aduc<\/span><span class=\"cf1\">\u021biune gestionat\u0103 de ESZ, rezultatele prelev\u0103rilor efectuate <\/span><span class=\"cf2\">\u00een urm<\/span><span class=\"cf1\">\u0103 cu c<\/span><span class=\"cf2\">\u00e2teva zile au ar<\/span><span class=\"cf1\">\u0103tat <\/span><span class=\"cf2\">\u00eens<\/span><span class=\"cf1\">\u0103 varia\u021bii care impun monitorizare atent\u0103 \u0219i ajust\u0103ri suplimentare ale trat\u0103rii, pentru a asigura o calitate uniform\u0103 pe <\/span><span class=\"cf2\">\u00eentreg traseul. \u00cen acest context, <\/span><span class=\"cf2\">Hidro<\/span><span class=\"cf2\"> Prahova a solicitat retestarea punctelor de transfer <\/span><span class=\"cf1\">\u0219i verificarea parametrilor <\/span><span class=\"cf2\">\u00een <\/span><span class=\"cf1\">\u0219apte localit\u0103\u021bi, astfel <\/span><span class=\"cf2\">\u00eenc\u00e2t analiza final<\/span><span class=\"cf1\">\u0103 s\u0103 reflecte cu acurate\u021be situa\u021bia din teren\u201d, transmit autorit\u0103\u021bile.<\/span><\/p>\n","protected":false},"excerpt":{"rendered":"<p>\u201eDin aceast\u0103 diminea\u021b\u0103, sistemul operat de Hidro Prahova este complet amorsat, iar apa circul\u0103 \u00een toate cele 13 localit\u0103\u021bi afectate de oprirea furniz\u0103rii de vinerea trecut\u0103\u201d, a transmis Prefectura. Alimentarea &hellip; <a href=\"https:\/\/microscopemedia.com\/?p=665239\" class=\"more-link\">Read More<\/a><\/p>\n","protected":false},"author":1,"featured_media":665240,"comment_status":"closed","ping_status":"closed","sticky":false,"template":"Default","format":"standard","meta":[],"categories":[1],"tags":[],"_links":{"self":[{"href":"https:\/\/microscopemedia.com\/index.php?rest_route=\/wp\/v2\/posts\/665239"}],"collection":[{"href":"https:\/\/microscopemedia.com\/index.php?rest_route=\/wp\/v2\/posts"}],"about":[{"href":"https:\/\/microscopemedia.com\/index.php?rest_route=\/wp\/v2\/types\/post"}],"author":[{"embeddable":true,"href":"https:\/\/microscopemedia.com\/index.php?rest_route=\/wp\/v2\/users\/1"}],"replies":[{"embeddable":true,"href":"https:\/\/microscopemedia.com\/index.php?rest_route=%2Fwp%2Fv2%2Fcomments&post=665239"}],"version-history":[{"count":0,"href":"https:\/\/microscopemedia.com\/index.php?rest_route=\/wp\/v2\/posts\/665239\/revisions"}],"wp:featuredmedia":[{"embeddable":true,"href":"https:\/\/microscopemedia.com\/index.php?rest_route=\/wp\/v2\/media\/665240"}],"wp:attachment":[{"href":"https:\/\/microscopemedia.com\/index.php?rest_route=%2Fwp%2Fv2%2Fmedia&parent=665239"}],"wp:term":[{"taxonomy":"category","embeddable":true,"href":"https:\/\/microscopemedia.com\/index.php?rest_route=%2Fwp%2Fv2%2Fcategories&post=665239"},{"taxonomy":"post_tag","embeddable":true,"href":"https:\/\/microscopemedia.com\/index.php?rest_route=%2Fwp%2Fv2%2Ftags&post=665239"}],"curies":[{"name":"wp","href":"https:\/\/api.w.org\/{rel}","templated":true}]}}