{"id":665245,"date":"2025-12-08T13:16:04","date_gmt":"2025-12-08T13:16:04","guid":{"rendered":"https:\/\/microscopemedia.com\/?p=665245"},"modified":"2025-12-08T13:16:04","modified_gmt":"2025-12-08T13:16:04","slug":"lider-psd-aceste-alegeri-arata-faptul-ca-radicalismul-este-in-pierdere-de-viteza","status":"publish","type":"post","link":"https:\/\/microscopemedia.com\/?p=665245","title":{"rendered":"Lider PSD: Aceste alegeri arat\u0103 faptul c\u0103 radicalismul este \u00een pierdere de vitez\u0103"},"content":{"rendered":"<div><img decoding=\"async\" src=\"https:\/\/microscopemedia.com\/wp-content\/uploads\/2025\/12\/lider-psd-aceste-alegeri-arata-faptul-ca-radicalismul-este-in-pierdere-de-viteza.jpg\" class=\"ff-og-image-inserted\"><\/div>\n<p data-start=\"285\" data-end=\"580\" id=\"p-0\">Prim-vicepre\u0219edintele PSD <strong data-start=\"312\" data-end=\"331\">Victor Negrescu<\/strong> spune c\u0103 rom\u00e2nii au participat la <a href=\"https:\/\/www.mediafax.ro\/politic\/aur-a-pierdut-toate-cele-11-alegeri-la-care-a-participat-la-aceste-partiale-23654778\">alegerile par\u021biale<\/a> \u00een ciuda condi\u021biilor meteorologice nefavorabile. Acesta a subliniat c\u0103 prezen\u021ba la urne reprezint\u0103 \u201eo dovad\u0103 c\u0103 oamenii \u021bin la dreptul lor democratic de a alege\u201d.<\/p>\n<p data-start=\"582\" data-end=\"904\" id=\"p-1\">Negrescu a afirmat c\u0103 <strong>rezultatele scrutinului arat\u0103 o sc\u0103dere a influen\u021bei radicalismului<\/strong> \u0219i confirm\u0103 faptul c\u0103 \u201eproximitatea fa\u021b\u0103 de oameni poate combate retorica extremist\u0103\u201d.<\/p>\n<p data-start=\"582\" data-end=\"904\" id=\"p-2\">Totodat\u0103, acesta a atras aten\u021bia c\u0103 exist\u0103 \u00eenc\u0103 mul\u021bi cet\u0103\u021beni care nu au participat la vot \u0219i care \u201e\u00een mod legitim, doresc mai multe de la noi\u201d.<\/p>\n<p data-start=\"906\" data-end=\"1316\" id=\"p-3\">Potrivit prim-vicepre\u0219edintelui PSD, forma\u021biunea a c\u00e2\u0219tigat 12 din cele 14 competi\u021bii electorale. El a eviden\u021biat victoria lui Marcel Ciolacu la Buz\u0103u, pe care o consider\u0103 \u201eclar\u0103\u201d \u0219i bazat\u0103 pe aprecierea pentru proiectele de dezvoltare a jude\u021bului \u0219i infrastructurii. De asemenea, l-a felicitat pe Daniel B\u0103lu\u021b\u0103 pentru campania \u201ecorect\u0103, bazat\u0103 pe rezultate \u0219i proiecte pentru oameni\u201d \u00een Bucure\u0219ti.<\/p>\n<p data-start=\"1318\" data-end=\"1557\" id=\"p-4\">Negrescu a explicat c\u0103 rezultatele au fost influen\u021bate de \u201emobilizarea politic\u0103 a electoratului \u00een jurul unui vot util \u00eempotriva pericolului extremist\u201d, ad\u0103ug\u00e2nd c\u0103 PSD respect\u0103 decizia aleg\u0103torilor \u0219i c\u0103 <strong>\u00een Capital\u0103 \u201esunt multe de f\u0103cut\u201d.<\/strong><\/p>\n<p data-start=\"1559\" data-end=\"1807\" id=\"p-5\">\u00cen \u00eencheiere, acesta a felicitat echipa social-democrat\u0103 pentru mobilizare \u0219i a precizat c\u0103, odat\u0103 \u00eencheiate alegerile par\u021biale, PSD \u00ee\u0219i va stabili noile obiective pentru perioada urm\u0103toare: \u201eCei pe care \u00eei reprezent\u0103m au a\u0219tept\u0103ri mari de la noi.\u201d<\/p>\n","protected":false},"excerpt":{"rendered":"<p>Prim-vicepre\u0219edintele PSD Victor Negrescu spune c\u0103 rom\u00e2nii au participat la alegerile par\u021biale \u00een ciuda condi\u021biilor meteorologice nefavorabile. Acesta a subliniat c\u0103 prezen\u021ba la urne reprezint\u0103 \u201eo dovad\u0103 c\u0103 oamenii \u021bin &hellip; <a href=\"https:\/\/microscopemedia.com\/?p=665245\" class=\"more-link\">Read More<\/a><\/p>\n","protected":false},"author":1,"featured_media":665246,"comment_status":"closed","ping_status":"closed","sticky":false,"template":"Default","format":"standard","meta":[],"categories":[1],"tags":[],"_links":{"self":[{"href":"https:\/\/microscopemedia.com\/index.php?rest_route=\/wp\/v2\/posts\/665245"}],"collection":[{"href":"https:\/\/microscopemedia.com\/index.php?rest_route=\/wp\/v2\/posts"}],"about":[{"href":"https:\/\/microscopemedia.com\/index.php?rest_route=\/wp\/v2\/types\/post"}],"author":[{"embeddable":true,"href":"https:\/\/microscopemedia.com\/index.php?rest_route=\/wp\/v2\/users\/1"}],"replies":[{"embeddable":true,"href":"https:\/\/microscopemedia.com\/index.php?rest_route=%2Fwp%2Fv2%2Fcomments&post=665245"}],"version-history":[{"count":0,"href":"https:\/\/microscopemedia.com\/index.php?rest_route=\/wp\/v2\/posts\/665245\/revisions"}],"wp:featuredmedia":[{"embeddable":true,"href":"https:\/\/microscopemedia.com\/index.php?rest_route=\/wp\/v2\/media\/665246"}],"wp:attachment":[{"href":"https:\/\/microscopemedia.com\/index.php?rest_route=%2Fwp%2Fv2%2Fmedia&parent=665245"}],"wp:term":[{"taxonomy":"category","embeddable":true,"href":"https:\/\/microscopemedia.com\/index.php?rest_route=%2Fwp%2Fv2%2Fcategories&post=665245"},{"taxonomy":"post_tag","embeddable":true,"href":"https:\/\/microscopemedia.com\/index.php?rest_route=%2Fwp%2Fv2%2Ftags&post=665245"}],"curies":[{"name":"wp","href":"https:\/\/api.w.org\/{rel}","templated":true}]}}