{"id":665247,"date":"2025-12-08T13:36:04","date_gmt":"2025-12-08T13:36:04","guid":{"rendered":"https:\/\/microscopemedia.com\/?p=665247"},"modified":"2025-12-08T13:36:04","modified_gmt":"2025-12-08T13:36:04","slug":"criza-de-la-paltinu-diana-buzoianu-chemata-astazi-la-explicatii-in-parlament-de-partidul-aur","status":"publish","type":"post","link":"https:\/\/microscopemedia.com\/?p=665247","title":{"rendered":"Criza de la Paltinu. Diana Buzoianu, chemat\u0103 ast\u0103zi la explica\u021bii \u00een Parlament, de partidul AUR"},"content":{"rendered":"<div><img decoding=\"async\" src=\"https:\/\/microscopemedia.com\/wp-content\/uploads\/2025\/12\/criza-de-la-paltinu-diana-buzoianu-chemata-astazi-la-explicatii-in-parlament-de-partidul-aur.jpg\" class=\"ff-og-image-inserted\"><\/div>\n<p id=\"p-0\">Ministra Mediului, Diana Buzoianu, a fost invitat\u0103 luni \u00een plenul Camerei Deputa\u021bilor, la solicitarea partidului AUR, pentru a oferi clarific\u0103ri legate de situa\u021bia de la acumularea Paltinu.<\/p>\n<p id=\"p-1\">\u0218edin\u021ba \u00eencepe la ora 16:00. Chemarea ministrei Mediului vine pe fondul acuza\u021biilor formulate de AUR privind dezastrul administrativ de la acumularea Paltinu.<\/p>\n<p data-start=\"385\" data-end=\"743\" id=\"p-2\">Conducerea Camerei Deputa\u021bilor a aprobat programul sesiunii de la Ora Guvernului, unde Diana Buzoianu este invitat\u0103. Tema anun\u021bat\u0103 oficial r\u0103m\u00e2ne \u201eDezastrul administrativ de la acumularea Paltinu: \u00eenc\u0103lc\u0103ri ale normelor de s\u0103n\u0103tate public\u0103, risc energetic na\u0163ional \u015fi responsabilitatea Ministerului Mediului \u00een gestionarea unei crize sc\u0103pate de sub control\u201d.<\/p>\n<p data-start=\"745\" data-end=\"1076\" id=\"p-3\">Joi sear\u0103, la Digi24, Diana Buzoianu a spus c\u0103 nu \u00ee\u0219i depune demisia \u00een urma situa\u021biei generate de oprirea furniz\u0103rii apei potabile \u00een mai multe localit\u0103\u021bi din Prahova \u0219i D\u00e2mbovi\u021ba.<\/p>\n<p data-start=\"745\" data-end=\"1076\" id=\"p-4\">Ministra a declarat c\u0103 institu\u021biile locale sunt responsabile de acest incident \u0219i c\u0103 unele dintre acestea au fost create \u201epentru a oferi ni\u015fte sinecuri unor persoane\u201d.<\/p>\n<p data-start=\"1078\" data-end=\"1511\" id=\"p-5\">Mai mult, premierul Ilie Bolojan a precizat vineri, la Palatul Victoria, c\u0103 un ministru nu poate fi tras la r\u0103spundere pentru hot\u0103r\u00e2rile personalului aflat \u00een subordine.<\/p>\n<p data-start=\"1078\" data-end=\"1511\" id=\"p-6\">\u00cen aceea\u0219i zi, \u00een conferin\u021ba de pres\u0103 de pe 5 decembrie, premierul a declarat c\u0103 i-a solicitat Dianei Buzoianu s\u0103 completeze raportul privind responsabilit\u0103\u021bile p\u00e2n\u0103 la \u00eenceputul s\u0103pt\u0103m\u00e2nii viitoare.<\/p>\n<p data-start=\"1078\" data-end=\"1511\" id=\"p-7\">Bolojan a explicat c\u0103 nu este \u201etimp s\u0103 schimb\u0103m caii \u00een mijlocul apei\u201d.<\/p>\n","protected":false},"excerpt":{"rendered":"<p>Ministra Mediului, Diana Buzoianu, a fost invitat\u0103 luni \u00een plenul Camerei Deputa\u021bilor, la solicitarea partidului AUR, pentru a oferi clarific\u0103ri legate de situa\u021bia de la acumularea Paltinu. \u0218edin\u021ba \u00eencepe la &hellip; <a href=\"https:\/\/microscopemedia.com\/?p=665247\" class=\"more-link\">Read More<\/a><\/p>\n","protected":false},"author":1,"featured_media":665248,"comment_status":"closed","ping_status":"closed","sticky":false,"template":"Default","format":"standard","meta":[],"categories":[1],"tags":[],"_links":{"self":[{"href":"https:\/\/microscopemedia.com\/index.php?rest_route=\/wp\/v2\/posts\/665247"}],"collection":[{"href":"https:\/\/microscopemedia.com\/index.php?rest_route=\/wp\/v2\/posts"}],"about":[{"href":"https:\/\/microscopemedia.com\/index.php?rest_route=\/wp\/v2\/types\/post"}],"author":[{"embeddable":true,"href":"https:\/\/microscopemedia.com\/index.php?rest_route=\/wp\/v2\/users\/1"}],"replies":[{"embeddable":true,"href":"https:\/\/microscopemedia.com\/index.php?rest_route=%2Fwp%2Fv2%2Fcomments&post=665247"}],"version-history":[{"count":0,"href":"https:\/\/microscopemedia.com\/index.php?rest_route=\/wp\/v2\/posts\/665247\/revisions"}],"wp:featuredmedia":[{"embeddable":true,"href":"https:\/\/microscopemedia.com\/index.php?rest_route=\/wp\/v2\/media\/665248"}],"wp:attachment":[{"href":"https:\/\/microscopemedia.com\/index.php?rest_route=%2Fwp%2Fv2%2Fmedia&parent=665247"}],"wp:term":[{"taxonomy":"category","embeddable":true,"href":"https:\/\/microscopemedia.com\/index.php?rest_route=%2Fwp%2Fv2%2Fcategories&post=665247"},{"taxonomy":"post_tag","embeddable":true,"href":"https:\/\/microscopemedia.com\/index.php?rest_route=%2Fwp%2Fv2%2Ftags&post=665247"}],"curies":[{"name":"wp","href":"https:\/\/api.w.org\/{rel}","templated":true}]}}