{"id":665251,"date":"2025-12-08T14:06:04","date_gmt":"2025-12-08T14:06:04","guid":{"rendered":"https:\/\/microscopemedia.com\/?p=665251"},"modified":"2025-12-08T14:06:04","modified_gmt":"2025-12-08T14:06:04","slug":"nicusor-dan-despre-intalnirea-cu-presedintele-parlamentului-luxemburgului-am-discutat-despre-relatiile-foarte-stranse-si-constructive-dintre-tarile-noastre","status":"publish","type":"post","link":"https:\/\/microscopemedia.com\/?p=665251","title":{"rendered":"Nicu\u0219or Dan despre \u00eent\u00e2lnirea cu pre\u0219edintele Parlamentului Luxemburgului: \u201eAm discutat despre rela\u021biile foarte str\u00e2nse \u0219i constructive dintre \u021b\u0103rile noastre\u201d"},"content":{"rendered":"<div><img decoding=\"async\" src=\"https:\/\/microscopemedia.com\/wp-content\/uploads\/2025\/12\/nicusor-dan-despre-intalnirea-cu-presedintele-parlamentului-luxemburgului-am-discutat-despre-relatiile-foarte-stranse-si-constructive-dintre-tarile-noastre.jpg\" class=\"ff-og-image-inserted\"><\/div>\n<p id=\"p-0\">Nicu\u0219or Dan a transmis luni pe pagina sa de X un mesaj despre vizita pre\u0219edintelui Parlamentului Marelui Ducat al Luxemburgului, Claude Wiseler, la Palatul Cotroceni.<\/p>\n<p id=\"p-1\">\u00cent\u00e2lnirea dintre cei doi a avut loc \u00eentr-un context al rela\u021biilor importante dintre cele dou\u0103 state. Discu\u021biile au vizat teme legate de cooperarea bilateral\u0103 \u0219i de parteneriatul european.<\/p>\n<p id=\"p-2\">\u201eA fost o pl\u0103cere s\u0103 primesc ast\u0103zi vizita pre\u0219edintelui Parlamentului luxemburghez, Claude Wiseler.\u201d, a scris Nicu\u0219or Dan.<\/p>\n<p id=\"p-3\">Pre\u0219edintele a notat c\u0103 dialogul dintre cei doi a fost despre rela\u021biile apropiate dintre Rom\u00e2nia \u0219i Luxemburg, \u201edefinite de prietenie, istorie \u0219i colaborare \u00een interiorul Uniunii Europene\u201d.<\/p>\n<p id=\"p-4\">\u201eAm \u00eencurajat dialogul parlamentar ca un canal foarte important \u00een dezvoltarea cooper\u0103rii noastre. Avem un dialog foarte activ \u00een domeniul ap\u0103r\u0103rii \u0219i apreciez prezen\u021ba militar\u0103 a Luxemburgului \u00een grupul de lupt\u0103 NATO din Cincu, care are misiunea important\u0103 de a consolida capacitatea de descurajare \u0219i ap\u0103rare a Alian\u021bei pe flancul estic.\u201d, a scris pre\u0219edintele Nicu\u0219or Dan.<\/p>\n<blockquote class=\"twitter-tweet\" readability=\"15.128205128205\">\n<p dir=\"ltr\" lang=\"en\" id=\"p-5\">It was a pleasure to receive today the visit of the President of the Parliament of Luxembourg, <a href=\"https:\/\/twitter.com\/ClaudeWiseler?ref_src=twsrc%5Etfw\">@ClaudeWiseler<\/a>.<\/p>\n<p id=\"p-6\">We have discussed the very close and constructive relations between our countries, based on our special friendship, historical ties, and European partnership.<\/p>\n<p id=\"p-7\">I\u2026 <a href=\"https:\/\/t.co\/aftW6oRe40\">pic.twitter.com\/aftW6oRe40<\/a><\/p>\n<p id=\"p-8\">\u2014 Nicu\u0219or Dan (@NicusorDanRO) <a href=\"https:\/\/twitter.com\/NicusorDanRO\/status\/1998020653312598224?ref_src=twsrc%5Etfw\">December 8, 2025<\/a><\/p>\n<\/blockquote>\n<p id=\"p-10\">Potrivit mesajului s\u0103u, cei doi au discutat \u0219i despre cum pot coordona mai bine combaterea dezinform\u0103rii \u0219i atacurilor cibernetice, care sunt o provocare pentru rezisten\u021ba institu\u021biilor democratice.<\/p>\n","protected":false},"excerpt":{"rendered":"<p>Nicu\u0219or Dan a transmis luni pe pagina sa de X un mesaj despre vizita pre\u0219edintelui Parlamentului Marelui Ducat al Luxemburgului, Claude Wiseler, la Palatul Cotroceni. \u00cent\u00e2lnirea dintre cei doi a &hellip; <a href=\"https:\/\/microscopemedia.com\/?p=665251\" class=\"more-link\">Read More<\/a><\/p>\n","protected":false},"author":1,"featured_media":665252,"comment_status":"closed","ping_status":"closed","sticky":false,"template":"Default","format":"standard","meta":[],"categories":[1],"tags":[],"_links":{"self":[{"href":"https:\/\/microscopemedia.com\/index.php?rest_route=\/wp\/v2\/posts\/665251"}],"collection":[{"href":"https:\/\/microscopemedia.com\/index.php?rest_route=\/wp\/v2\/posts"}],"about":[{"href":"https:\/\/microscopemedia.com\/index.php?rest_route=\/wp\/v2\/types\/post"}],"author":[{"embeddable":true,"href":"https:\/\/microscopemedia.com\/index.php?rest_route=\/wp\/v2\/users\/1"}],"replies":[{"embeddable":true,"href":"https:\/\/microscopemedia.com\/index.php?rest_route=%2Fwp%2Fv2%2Fcomments&post=665251"}],"version-history":[{"count":0,"href":"https:\/\/microscopemedia.com\/index.php?rest_route=\/wp\/v2\/posts\/665251\/revisions"}],"wp:featuredmedia":[{"embeddable":true,"href":"https:\/\/microscopemedia.com\/index.php?rest_route=\/wp\/v2\/media\/665252"}],"wp:attachment":[{"href":"https:\/\/microscopemedia.com\/index.php?rest_route=%2Fwp%2Fv2%2Fmedia&parent=665251"}],"wp:term":[{"taxonomy":"category","embeddable":true,"href":"https:\/\/microscopemedia.com\/index.php?rest_route=%2Fwp%2Fv2%2Fcategories&post=665251"},{"taxonomy":"post_tag","embeddable":true,"href":"https:\/\/microscopemedia.com\/index.php?rest_route=%2Fwp%2Fv2%2Ftags&post=665251"}],"curies":[{"name":"wp","href":"https:\/\/api.w.org\/{rel}","templated":true}]}}