{"id":665253,"date":"2025-12-08T14:16:03","date_gmt":"2025-12-08T14:16:03","guid":{"rendered":"https:\/\/microscopemedia.com\/?p=665253"},"modified":"2025-12-08T14:16:03","modified_gmt":"2025-12-08T14:16:03","slug":"un-demnitar-european-vorbeste-despre-suveranitatea-alimentara-si-un-iminent-razboi-agricol","status":"publish","type":"post","link":"https:\/\/microscopemedia.com\/?p=665253","title":{"rendered":"Un demnitar european vorbe\u0219te despre suveranitatea alimentar\u0103 \u0219i un iminent r\u0103zboi agricol"},"content":{"rendered":"<div><img decoding=\"async\" src=\"https:\/\/microscopemedia.com\/wp-content\/uploads\/2025\/12\/un-demnitar-european-vorbeste-despre-suveranitatea-alimentara-si-un-iminent-razboi-agricol.webp\" class=\"ff-og-image-inserted\"><\/div>\n<p id=\"p-0\">Ministrul Agriculturii din Fran\u021ba, Annie Genevard, a avertizat c\u0103 \u201er\u0103zboiul agricol se contureaz\u0103 din ce \u00een ce mai mult pe zi ce trece\u201d, potrivit <a href=\"https:\/\/www.lefigaro.fr\/actualite-france\/souverainete-alimentaire-la-guerre-agricole-se-prepare-alerte-la-ministre-annie-genevard-20251208\" target=\"_blank\" rel=\"noopener\">Le Figaro<\/a>.<\/p>\n<p id=\"p-1\">Luni, 8 decembrie, la Rungis, ministrul francez a prezentat o strategie na\u021bional\u0103 pe zece ani, subliniind presiunile interna\u021bionale \u0219i de mediu care pun \u00een pericol produc\u021bia agricol\u0103.<\/p>\n<p id=\"p-2\">\u201eDac\u0103 suntem aduna\u021bi aici, este pentru c\u0103 se preg\u0103te\u0219te un r\u0103zboi agricol\u201d, a declarat Annie Genevard, \u00een cadrul lans\u0103rii \u201eConferin\u021belor pentru Suveranitatea Alimentar\u0103\u201d, care vizeaz\u0103 definirea unei strategii agricole na\u021bionale pe zece ani.<\/p>\n<p id=\"p-3\">\u201eR\u0103zboiul agricol se contureaz\u0103 din ce \u00een ce mai mult pe zi ce trece \u0219i este timpul s\u0103 ac\u021bion\u0103m\u201d, a subliniat ministrul, argument\u00e2nd c\u0103 evenimentele globale actuale, cum ar fi r\u0103zboiul din Ucraina, strategia comercial\u0103 american\u0103 \u0219i tarifele chineze spulber\u0103 \u201eiluzia\u201d prosperit\u0103\u021bii durabile. Crizele actuale sunt agravate de presiunile climatice \u0219i demografice, a precizat ministrul francez.<\/p>\n","protected":false},"excerpt":{"rendered":"<p>Ministrul Agriculturii din Fran\u021ba, Annie Genevard, a avertizat c\u0103 \u201er\u0103zboiul agricol se contureaz\u0103 din ce \u00een ce mai mult pe zi ce trece\u201d, potrivit Le Figaro. Luni, 8 decembrie, la &hellip; <a href=\"https:\/\/microscopemedia.com\/?p=665253\" class=\"more-link\">Read More<\/a><\/p>\n","protected":false},"author":1,"featured_media":665254,"comment_status":"closed","ping_status":"closed","sticky":false,"template":"Default","format":"standard","meta":[],"categories":[1],"tags":[],"_links":{"self":[{"href":"https:\/\/microscopemedia.com\/index.php?rest_route=\/wp\/v2\/posts\/665253"}],"collection":[{"href":"https:\/\/microscopemedia.com\/index.php?rest_route=\/wp\/v2\/posts"}],"about":[{"href":"https:\/\/microscopemedia.com\/index.php?rest_route=\/wp\/v2\/types\/post"}],"author":[{"embeddable":true,"href":"https:\/\/microscopemedia.com\/index.php?rest_route=\/wp\/v2\/users\/1"}],"replies":[{"embeddable":true,"href":"https:\/\/microscopemedia.com\/index.php?rest_route=%2Fwp%2Fv2%2Fcomments&post=665253"}],"version-history":[{"count":0,"href":"https:\/\/microscopemedia.com\/index.php?rest_route=\/wp\/v2\/posts\/665253\/revisions"}],"wp:featuredmedia":[{"embeddable":true,"href":"https:\/\/microscopemedia.com\/index.php?rest_route=\/wp\/v2\/media\/665254"}],"wp:attachment":[{"href":"https:\/\/microscopemedia.com\/index.php?rest_route=%2Fwp%2Fv2%2Fmedia&parent=665253"}],"wp:term":[{"taxonomy":"category","embeddable":true,"href":"https:\/\/microscopemedia.com\/index.php?rest_route=%2Fwp%2Fv2%2Fcategories&post=665253"},{"taxonomy":"post_tag","embeddable":true,"href":"https:\/\/microscopemedia.com\/index.php?rest_route=%2Fwp%2Fv2%2Ftags&post=665253"}],"curies":[{"name":"wp","href":"https:\/\/api.w.org\/{rel}","templated":true}]}}