{"id":665257,"date":"2025-12-08T14:37:03","date_gmt":"2025-12-08T14:37:03","guid":{"rendered":"https:\/\/microscopemedia.com\/?p=665257"},"modified":"2025-12-08T14:37:03","modified_gmt":"2025-12-08T14:37:03","slug":"centru-de-batrani-din-mogosoaia-inchis-de-autoritati-din-cauza-plosnitelor-54-de-varstnici-relocati","status":"publish","type":"post","link":"https:\/\/microscopemedia.com\/?p=665257","title":{"rendered":"Centru de b\u0103tr\u00e2ni din Mogo\u0219oaia, \u00eenchis de autorit\u0103\u021bi, din cauza plo\u0219ni\u021belor. 54 de v\u00e2rstnici, reloca\u021bi"},"content":{"rendered":"<div><img decoding=\"async\" src=\"https:\/\/microscopemedia.com\/wp-content\/uploads\/2025\/12\/centru-de-batrani-din-mogosoaia-inchis-de-autoritati-din-cauza-plosnitelor-54-de-varstnici-relocati.jpg\" class=\"ff-og-image-inserted\"><\/div>\n<p class=\"pf0\" id=\"p-1\"><span class=\"cf2\">Potrivit unui comunicat de luni al Prefecturii Ilfov, centrul a fost verificat de o echip\u0103 mixt\u0103 format\u0103 din reprezentan\u021bi ai DSP Ilfov, AJPIS Ilfov, Poli\u021biei Na\u021bionale, Poli\u021biei Locale \u0219i ai Prim\u0103riei Mogo\u0219oaia.<\/span><\/p>\n<p class=\"pf0\" id=\"p-2\"><span class=\"cf2\">Au fost g\u0103site plo\u0219ni\u021be <\/span><span class=\"cf1\">\u00een saloane, lenjerii de pat l<\/span><span class=\"cf2\">\u0103sate pe sc\u0103rile de acces c\u0103tre sp\u0103l\u0103torie, mobilier deteriorat, iar cabinetul medical nu era prev\u0103zut cu surs\u0103 de ap\u0103 curent\u0103. De asemenea, au fost <\/span><span class=\"cf2\">identifcate<\/span><span class=\"cf2\"> persoane neautorizate cazate <\/span><span class=\"cf1\">\u00een spa<\/span><span class=\"cf2\">\u021biul destinat izol\u0103rii, <\/span><span class=\"cf1\">\u00een zona buc<\/span><span class=\"cf2\">\u0103t\u0103riei au fost g\u0103site obiecte sanitare defecte, iar frigiderele nu erau cur\u0103\u021bate.<\/span><\/p>\n<p class=\"pf0\" id=\"p-3\"><span class=\"cf3\">\u201e<\/span><span class=\"cf1\">\u00cen urma verific<\/span><span class=\"cf2\">\u0103rilor, s-a constatat c\u0103 s\u0103n\u0103tatea beneficiarilor era pus\u0103 <\/span><span class=\"cf1\">\u00een pericol din cauza condi<\/span><span class=\"cf2\">\u021biilor identificate. La solicitarea echipei de control, au intervenit echipaje medicale SABIF \u0219i SMURD, trei dintre persoanele vulnerabile fiind transportate la Spitalul Jude\u021bean Ilfov\u201d, se arat\u0103 <\/span><span class=\"cf1\">\u00een comunicat.<\/span><\/p>\n<p class=\"pf0\" id=\"p-4\"><span class=\"cf1\">La momentul controlului, \u00een centru se aflau 54 de persoane v\u00e2rstnice.<\/span><\/p>\n<p class=\"pf0\" id=\"p-5\"><span class=\"cf1\">DSP Ilfov a decis suspendarea autoriza<\/span><span class=\"cf2\">\u021biei sanitare de func\u021bionare p<\/span><span class=\"cf1\">\u00e2n<\/span><span class=\"cf2\">\u0103 la remedierea tuturor deficien\u021belor, iar AJPIS Ilfov a dispus aplicarea planului de urgen\u021b\u0103 pentru relocarea celor 54 de beneficiari. De asemenea, centrul a fost amendat cu 50.000 de lei.<\/span><\/p>\n<p class=\"pf0\" id=\"p-6\"><span class=\"cf1\">\u00cen cadrul unui recontrol efectuat, autorit<\/span><span class=\"cf2\">\u0103\u021bile au constatat prezen\u021ba <\/span><span class=\"cf1\">\u00een continuare a plo<\/span><span class=\"cf2\">\u0219ni\u021belor <\/span><span class=\"cf1\">\u00een camerele de la etaj. <\/span><span class=\"cf3\">\u201eA fost prezentat un contract <\/span><span class=\"cf1\">\u00eencheiat \u00een vederea efectu<\/span><span class=\"cf2\">\u0103rii unei dezinsec\u021bii de c\u0103tre o firm\u0103 autorizat\u0103, ac\u021biunea urm<\/span><span class=\"cf1\">\u00e2nd a se efectua \u00een prezen<\/span><span class=\"cf2\">\u021ba beneficiarilor centrului, f\u0103r\u0103 ca prestatorul de servicii de dezinsec\u021bie s\u0103-\u0219i asume poten\u021biale v\u0103t\u0103m\u0103ri produse beneficiarilor\u201d, se mai spune <\/span><span class=\"cf1\">\u00een documentul citat.<\/span><\/p>\n<p class=\"pf0\" id=\"p-7\"><span class=\"cf1\">\u00cen urma analiz<\/span><span class=\"cf2\">\u0103rii situa\u021biei, Comitetul Jude\u021bean pentru Situa\u021bii de Urgen\u021b\u0103 Ilfov a dispus <\/span><span class=\"cf1\">\u00een 3 decembrie relocarea \u00een regim de urgen<\/span><span class=\"cf2\">\u021b\u0103 a unui num\u0103r de 46 de beneficiari c\u0103tre C\u0103minul de b\u0103tr<\/span><span class=\"cf1\">\u00e2ni din localitatea Vidra, fie c<\/span><span class=\"cf2\">\u0103tre Spitalul Jude\u021bean Ilfov, fie, dup\u0103 posibilitate, preluarea de c\u0103tre apar\u021bin\u0103tori <\/span><span class=\"cf1\">\u00een cadrul familiei.<\/span><\/p>\n<p class=\"pf0\" id=\"p-8\"><span class=\"cf1\">Relocarea a fost efectuat<\/span><span class=\"cf2\">\u0103 sub supravegherea medical\u0103 acordat\u0103 de c\u0103tre SABIF \u0219i cu sprijinul logistic al SMURD. De asemenea, prin grija DGASPC Ilfov, beneficiarilor le-au fost puse la dispozi\u021bie haine noi pentru a limita o posibil\u0103 contaminare ulterioar\u0103 cu plo\u0219ni\u021be a spa\u021biilor unde urmau s\u0103 fie reloca\u021bi.<\/span><\/p>\n","protected":false},"excerpt":{"rendered":"<p>Potrivit unui comunicat de luni al Prefecturii Ilfov, centrul a fost verificat de o echip\u0103 mixt\u0103 format\u0103 din reprezentan\u021bi ai DSP Ilfov, AJPIS Ilfov, Poli\u021biei Na\u021bionale, Poli\u021biei Locale \u0219i ai &hellip; <a href=\"https:\/\/microscopemedia.com\/?p=665257\" class=\"more-link\">Read More<\/a><\/p>\n","protected":false},"author":1,"featured_media":665258,"comment_status":"closed","ping_status":"closed","sticky":false,"template":"Default","format":"standard","meta":[],"categories":[1],"tags":[],"_links":{"self":[{"href":"https:\/\/microscopemedia.com\/index.php?rest_route=\/wp\/v2\/posts\/665257"}],"collection":[{"href":"https:\/\/microscopemedia.com\/index.php?rest_route=\/wp\/v2\/posts"}],"about":[{"href":"https:\/\/microscopemedia.com\/index.php?rest_route=\/wp\/v2\/types\/post"}],"author":[{"embeddable":true,"href":"https:\/\/microscopemedia.com\/index.php?rest_route=\/wp\/v2\/users\/1"}],"replies":[{"embeddable":true,"href":"https:\/\/microscopemedia.com\/index.php?rest_route=%2Fwp%2Fv2%2Fcomments&post=665257"}],"version-history":[{"count":0,"href":"https:\/\/microscopemedia.com\/index.php?rest_route=\/wp\/v2\/posts\/665257\/revisions"}],"wp:featuredmedia":[{"embeddable":true,"href":"https:\/\/microscopemedia.com\/index.php?rest_route=\/wp\/v2\/media\/665258"}],"wp:attachment":[{"href":"https:\/\/microscopemedia.com\/index.php?rest_route=%2Fwp%2Fv2%2Fmedia&parent=665257"}],"wp:term":[{"taxonomy":"category","embeddable":true,"href":"https:\/\/microscopemedia.com\/index.php?rest_route=%2Fwp%2Fv2%2Fcategories&post=665257"},{"taxonomy":"post_tag","embeddable":true,"href":"https:\/\/microscopemedia.com\/index.php?rest_route=%2Fwp%2Fv2%2Ftags&post=665257"}],"curies":[{"name":"wp","href":"https:\/\/api.w.org\/{rel}","templated":true}]}}