{"id":665259,"date":"2025-12-08T14:56:03","date_gmt":"2025-12-08T14:56:03","guid":{"rendered":"https:\/\/microscopemedia.com\/?p=665259"},"modified":"2025-12-08T14:56:03","modified_gmt":"2025-12-08T14:56:03","slug":"nato-confirma-intalnirea-lui-rutte-cu-zelenski-costa-si-von-der-leyen-la-bruxelles-luni-fara-acces-pentru-presa","status":"publish","type":"post","link":"https:\/\/microscopemedia.com\/?p=665259","title":{"rendered":"NATO confirm\u0103 \u00eent\u00e2lnirea lui Rutte cu Zelenski, Costa \u0219i von der Leyen la Bruxelles, luni, f\u0103r\u0103 acces pentru pres\u0103"},"content":{"rendered":"<div><img decoding=\"async\" src=\"https:\/\/microscopemedia.com\/wp-content\/uploads\/2025\/12\/nato-confirma-intalnirea-lui-rutte-cu-zelenski-costa-si-von-der-leyen-la-bruxelles-luni-fara-acces-pentru-presa.jpg\" class=\"ff-og-image-inserted\"><\/div>\n<p id=\"p-0\">\u201eLuni, 8 decembrie 2025, secretarul general al NATO, Mark Rutte, \u00eel va primi pe pre\u0219edintele <strong>Ucrainei, <a href=\"https:\/\/www.mediafax.ro\/externe\/nu-avem-o-viziune-unitara-asupra-donbasului-zelenski-anunta-ca-nu-s-a-ajuns-la-un-acord-privind-teritoriile-din-estul-ucrainei-in-discutiile-cu-sua-23654866\">Volodimir Zelenski<\/a>, pe pre\u0219edintele Consiliului European, Ant\u00f3nio Costa, \u0219i pe pre\u0219edinta Comisiei Europene, Ursula von der Leyen, la re\u0219edin\u021ba sa oficial\u0103 din Bruxelles<\/strong>. Mass-media nu va avea acces la eveniment\u201d, se arat\u0103 \u00een comunicat, scrie <a href=\"https:\/\/en.interfax.com.ua\/news\/general\/1126680.html\" target=\"_blank\" rel=\"noopener\">Interfax-Ucraine<\/a>.<\/p>\n<p id=\"p-1\">Potrivit informa\u021biilor, Zelenski se afl\u0103 \u00een prezent la Londra, unde se \u00eent\u00e2lne\u0219te cu pre\u0219edintele francez Emmanuel Macron, premierul britanic Keir Starmer \u0219i cancelarul federal german Friedrich Merz. De asemenea, Zelenski \u0219i Starmer vor avea o \u00eentrevedere \u201efa\u021b\u0103 \u00een fa\u021b\u0103\u201d.<\/p>\n<p id=\"p-2\">Ulterior, cei doi lideri vor participa la un apel video comun cu liderii UE, ai \u021b\u0103rilor europene \u0219i ai NATO. \u00cent\u00e2lnirea pre\u0219edintelui Ucrainei cu Rutte, Costa \u0219i von der Leyen la Bruxelles a fost anun\u021bat\u0103 pentru seara zilei de luni.<\/p>\n","protected":false},"excerpt":{"rendered":"<p>\u201eLuni, 8 decembrie 2025, secretarul general al NATO, Mark Rutte, \u00eel va primi pe pre\u0219edintele Ucrainei, Volodimir Zelenski, pe pre\u0219edintele Consiliului European, Ant\u00f3nio Costa, \u0219i pe pre\u0219edinta Comisiei Europene, Ursula &hellip; <a href=\"https:\/\/microscopemedia.com\/?p=665259\" class=\"more-link\">Read More<\/a><\/p>\n","protected":false},"author":1,"featured_media":665260,"comment_status":"closed","ping_status":"closed","sticky":false,"template":"Default","format":"standard","meta":[],"categories":[1],"tags":[],"_links":{"self":[{"href":"https:\/\/microscopemedia.com\/index.php?rest_route=\/wp\/v2\/posts\/665259"}],"collection":[{"href":"https:\/\/microscopemedia.com\/index.php?rest_route=\/wp\/v2\/posts"}],"about":[{"href":"https:\/\/microscopemedia.com\/index.php?rest_route=\/wp\/v2\/types\/post"}],"author":[{"embeddable":true,"href":"https:\/\/microscopemedia.com\/index.php?rest_route=\/wp\/v2\/users\/1"}],"replies":[{"embeddable":true,"href":"https:\/\/microscopemedia.com\/index.php?rest_route=%2Fwp%2Fv2%2Fcomments&post=665259"}],"version-history":[{"count":0,"href":"https:\/\/microscopemedia.com\/index.php?rest_route=\/wp\/v2\/posts\/665259\/revisions"}],"wp:featuredmedia":[{"embeddable":true,"href":"https:\/\/microscopemedia.com\/index.php?rest_route=\/wp\/v2\/media\/665260"}],"wp:attachment":[{"href":"https:\/\/microscopemedia.com\/index.php?rest_route=%2Fwp%2Fv2%2Fmedia&parent=665259"}],"wp:term":[{"taxonomy":"category","embeddable":true,"href":"https:\/\/microscopemedia.com\/index.php?rest_route=%2Fwp%2Fv2%2Fcategories&post=665259"},{"taxonomy":"post_tag","embeddable":true,"href":"https:\/\/microscopemedia.com\/index.php?rest_route=%2Fwp%2Fv2%2Ftags&post=665259"}],"curies":[{"name":"wp","href":"https:\/\/api.w.org\/{rel}","templated":true}]}}