{"id":665275,"date":"2025-12-08T17:26:03","date_gmt":"2025-12-08T17:26:03","guid":{"rendered":"https:\/\/microscopemedia.com\/?p=665275"},"modified":"2025-12-08T17:26:03","modified_gmt":"2025-12-08T17:26:03","slug":"prima-zi-a-anului-scolar-va-fi-zi-libera-pentru-parinti-initiativa-legislativa-adoptata-tacit-de-senat-urmeaza-camera-deputatilor","status":"publish","type":"post","link":"https:\/\/microscopemedia.com\/?p=665275","title":{"rendered":"Prima zi a anului \u0219colar va fi zi liber\u0103 pentru p\u0103rin\u021bi: ini\u021biativ\u0103 legislativ\u0103 adoptat\u0103 tacit de Senat. Urmeaz\u0103 Camera Deputa\u021bilor"},"content":{"rendered":"<div><img decoding=\"async\" src=\"https:\/\/microscopemedia.com\/wp-content\/uploads\/2025\/12\/prima-zi-a-anului-scolar-va-fi-zi-libera-pentru-parinti-initiativa-legislativa-adoptata-tacit-de-senat-urmeaza-camera-deputatilor.jpg\" class=\"ff-og-image-inserted\"><\/div>\n<p data-start=\"218\" data-end=\"537\" id=\"p-0\">Senatorul PSD Claudiu Catan\u0103 a propus ca <strong data-start=\"269\" data-end=\"297\">prima zi a anului \u0219colar<\/strong> pentru \u00eenv\u0103\u021b\u0103m\u00e2ntul pre\u0219colar, primar \u0219i gimnazial s\u0103 fie<strong data-start=\"377\" data-end=\"408\">&nbsp;zi liber\u0103 pentru p\u0103rin\u021bi<\/strong>.<\/p>\n<p data-start=\"218\" data-end=\"537\" id=\"p-1\">\u201eSe acord\u0103 zi liber\u0103 pentru p\u0103rin\u0163i, a\u015fa cum sunt ei defini\u0163i \u00een Noul Cod Civil, prima zi de \u00eencepere a anului \u015fcolar, pentru \u00eenv\u0103\u0163\u0103m\u00e2ntul pre\u015fcolar, primar \u015fi gimnazial\u201d, potrivit proiectului de lege.<\/p>\n<p data-start=\"218\" data-end=\"537\" id=\"p-2\">Ini\u021biativa legislativ\u0103 a fost recent <strong data-start=\"447\" data-end=\"474\">adoptat\u0103 tacit de Senat<\/strong>, trec\u00e2nd astfel de prima camer\u0103 legislativ\u0103 f\u0103r\u0103 vot formal.<\/p>\n<h2 data-start=\"539\" data-end=\"577\" id=\"chapter-0\"><strong data-start=\"542\" data-end=\"577\">Sprijin pentru p\u0103rin\u021bi \u0219i copii<\/strong><\/h2>\n<p data-start=\"579\" data-end=\"997\" id=\"p-3\">Potrivit expunerii de motive, festivitatea de deschidere a fiec\u0103rui an \u0219colar reprezint\u0103 un moment <strong data-start=\"678\" data-end=\"696\">plin de emo\u021bii<\/strong>, at\u00e2t pentru copii, c\u00e2t \u0219i pentru p\u0103rin\u021bi. \u201ePrima zi de \u0219coal\u0103 este un eveniment important pentru \u00eentreaga familie. Emo\u021biile cele mai puternice le tr\u0103iesc p\u0103rin\u021bii, care se \u00eentreab\u0103: <em data-start=\"880\" data-end=\"970\">Se va acomoda copilul meu la \u0219coal\u0103 sau gr\u0103dini\u021b\u0103? Va pl\u00e2nge? Va vrea s\u0103 stea f\u0103r\u0103 mine?<\/em>\u201d \u2014 se arat\u0103 \u00een document.<\/p>\n<p data-start=\"999\" data-end=\"1260\" id=\"p-4\">Ini\u021biativa subliniaz\u0103 c\u0103 prezen\u021ba p\u0103rin\u021bilor este <strong data-start=\"1049\" data-end=\"1088\">crucial\u0103 pentru adaptarea copilului<\/strong> la noul mediu, iar acordarea unei zile libere le va permite acestora s\u0103 participe la festivitate f\u0103r\u0103 a fi nevoi\u021bi s\u0103 \u00ee\u0219i ia concediu sau s\u0103 se \u00eenvoiasc\u0103 de la serviciu.<\/p>\n<h2 data-start=\"1262\" data-end=\"1287\" id=\"chapter-1\"><strong data-start=\"1265\" data-end=\"1287\">Context legislativ<\/strong><\/h2>\n<p data-start=\"1289\" data-end=\"1543\" id=\"p-5\">Adoptarea tacit\u0103 de c\u0103tre Senat \u00eenseamn\u0103 c\u0103 ini\u021biativa a trecut f\u0103r\u0103 vot formal. Urmeaz\u0103 ca proiectul s\u0103 fie discutat de Camera Deputa\u021bilor, care este for decizional, apoi promulgat de pre\u0219edintele Rom\u00e2nieipentru a deveni lege.<\/p>\n","protected":false},"excerpt":{"rendered":"<p>Senatorul PSD Claudiu Catan\u0103 a propus ca prima zi a anului \u0219colar pentru \u00eenv\u0103\u021b\u0103m\u00e2ntul pre\u0219colar, primar \u0219i gimnazial s\u0103 fie&nbsp;zi liber\u0103 pentru p\u0103rin\u021bi. \u201eSe acord\u0103 zi liber\u0103 pentru p\u0103rin\u0163i, a\u015fa &hellip; <a href=\"https:\/\/microscopemedia.com\/?p=665275\" class=\"more-link\">Read More<\/a><\/p>\n","protected":false},"author":1,"featured_media":665276,"comment_status":"closed","ping_status":"closed","sticky":false,"template":"Default","format":"standard","meta":[],"categories":[1],"tags":[],"_links":{"self":[{"href":"https:\/\/microscopemedia.com\/index.php?rest_route=\/wp\/v2\/posts\/665275"}],"collection":[{"href":"https:\/\/microscopemedia.com\/index.php?rest_route=\/wp\/v2\/posts"}],"about":[{"href":"https:\/\/microscopemedia.com\/index.php?rest_route=\/wp\/v2\/types\/post"}],"author":[{"embeddable":true,"href":"https:\/\/microscopemedia.com\/index.php?rest_route=\/wp\/v2\/users\/1"}],"replies":[{"embeddable":true,"href":"https:\/\/microscopemedia.com\/index.php?rest_route=%2Fwp%2Fv2%2Fcomments&post=665275"}],"version-history":[{"count":0,"href":"https:\/\/microscopemedia.com\/index.php?rest_route=\/wp\/v2\/posts\/665275\/revisions"}],"wp:featuredmedia":[{"embeddable":true,"href":"https:\/\/microscopemedia.com\/index.php?rest_route=\/wp\/v2\/media\/665276"}],"wp:attachment":[{"href":"https:\/\/microscopemedia.com\/index.php?rest_route=%2Fwp%2Fv2%2Fmedia&parent=665275"}],"wp:term":[{"taxonomy":"category","embeddable":true,"href":"https:\/\/microscopemedia.com\/index.php?rest_route=%2Fwp%2Fv2%2Fcategories&post=665275"},{"taxonomy":"post_tag","embeddable":true,"href":"https:\/\/microscopemedia.com\/index.php?rest_route=%2Fwp%2Fv2%2Ftags&post=665275"}],"curies":[{"name":"wp","href":"https:\/\/api.w.org\/{rel}","templated":true}]}}