{"id":665281,"date":"2025-12-08T17:56:04","date_gmt":"2025-12-08T17:56:04","guid":{"rendered":"https:\/\/microscopemedia.com\/?p=665281"},"modified":"2025-12-08T17:56:04","modified_gmt":"2025-12-08T17:56:04","slug":"detalii-despre-gala-ufc-de-la-casa-alba-de-ziua-lui-trump-liderul-sua-anunta-ca-va-fi-cea-mai-mare-din-istorie","status":"publish","type":"post","link":"https:\/\/microscopemedia.com\/?p=665281","title":{"rendered":"Detalii despre gala UFC de la Casa Alb\u0103 de ziua lui Trump. Liderul SUA anun\u021b\u0103 c\u0103 va fi cea mai mare din istorie"},"content":{"rendered":"<div><img decoding=\"async\" src=\"https:\/\/microscopemedia.com\/wp-content\/uploads\/2025\/12\/detalii-despre-gala-ufc-de-la-casa-alba-de-ziua-lui-trump-liderul-sua-anunta-ca-va-fi-cea-mai-mare-din-istorie.jpg\" class=\"ff-og-image-inserted\"><\/div>\n<p id=\"p-0\">Donald Trump a dezv\u0103luit numeroase detalii despre evenimentul UFC planificat la Casa Alb\u0103 pe 14 iunie 2026. Pre\u0219edintele american a spus c\u0103 \u201eDana White (\u0219eful UFC) preg\u0103te\u0219te o aren\u0103. Vor fi 8 sau 9 lupte pentru titlu pe card. Va fi cea mai mare noapte din toate timpurile\u201d, potrivit <a href=\"https:\/\/www.lefigaro.fr\/sports\/mma\/mma-la-plus-grande-soiree-jamais-organisee-donald-trump-fait-des-revelations-sur-l-evenement-ufc-a-la-maison-blanche-20251208\" target=\"_blank\" rel=\"noopener\">Le Figaro<\/a>.<\/p>\n<p id=\"p-1\">Potrivit lui Donald Trump, arena va fi amplasat\u0103 \u00een fa\u021ba intr\u0103rii la Casa Alb\u0103 \u0219i va putea g\u0103zdui \u00eentre 5.000 \u0219i 6.000 de spectatori. De asemenea, pre\u0219edintele inten\u021bioneaz\u0103 s\u0103 instaleze aproximativ zece ecrane uria\u0219e \u00een gr\u0103dini pentru a g\u0103zdui peste 100.000 de oameni \u00een spatele Casei Albe.<\/p>\n<p id=\"p-2\">Deocamdat\u0103, nu a fost anun\u021bat\u0103 nicio lupt\u0103, dar nume mari din artele mar\u021biale mixte precum Jon Jones sau Conor McGregor au declarat deja c\u0103 sunt interesa\u021bi de eveniment.<br \/>Gala va fi organizat\u0103 chiar \u00een ziua \u00een care Donald Trump va \u00eemplini 80 de ani.<\/p>\n","protected":false},"excerpt":{"rendered":"<p>Donald Trump a dezv\u0103luit numeroase detalii despre evenimentul UFC planificat la Casa Alb\u0103 pe 14 iunie 2026. Pre\u0219edintele american a spus c\u0103 \u201eDana White (\u0219eful UFC) preg\u0103te\u0219te o aren\u0103. Vor &hellip; <a href=\"https:\/\/microscopemedia.com\/?p=665281\" class=\"more-link\">Read More<\/a><\/p>\n","protected":false},"author":1,"featured_media":665282,"comment_status":"closed","ping_status":"closed","sticky":false,"template":"Default","format":"standard","meta":[],"categories":[1],"tags":[],"_links":{"self":[{"href":"https:\/\/microscopemedia.com\/index.php?rest_route=\/wp\/v2\/posts\/665281"}],"collection":[{"href":"https:\/\/microscopemedia.com\/index.php?rest_route=\/wp\/v2\/posts"}],"about":[{"href":"https:\/\/microscopemedia.com\/index.php?rest_route=\/wp\/v2\/types\/post"}],"author":[{"embeddable":true,"href":"https:\/\/microscopemedia.com\/index.php?rest_route=\/wp\/v2\/users\/1"}],"replies":[{"embeddable":true,"href":"https:\/\/microscopemedia.com\/index.php?rest_route=%2Fwp%2Fv2%2Fcomments&post=665281"}],"version-history":[{"count":0,"href":"https:\/\/microscopemedia.com\/index.php?rest_route=\/wp\/v2\/posts\/665281\/revisions"}],"wp:featuredmedia":[{"embeddable":true,"href":"https:\/\/microscopemedia.com\/index.php?rest_route=\/wp\/v2\/media\/665282"}],"wp:attachment":[{"href":"https:\/\/microscopemedia.com\/index.php?rest_route=%2Fwp%2Fv2%2Fmedia&parent=665281"}],"wp:term":[{"taxonomy":"category","embeddable":true,"href":"https:\/\/microscopemedia.com\/index.php?rest_route=%2Fwp%2Fv2%2Fcategories&post=665281"},{"taxonomy":"post_tag","embeddable":true,"href":"https:\/\/microscopemedia.com\/index.php?rest_route=%2Fwp%2Fv2%2Ftags&post=665281"}],"curies":[{"name":"wp","href":"https:\/\/api.w.org\/{rel}","templated":true}]}}