{"id":665287,"date":"2025-12-08T18:46:04","date_gmt":"2025-12-08T18:46:04","guid":{"rendered":"https:\/\/microscopemedia.com\/?p=665287"},"modified":"2025-12-08T18:46:04","modified_gmt":"2025-12-08T18:46:04","slug":"alerta-in-franta-o-epidemie-care-afecteaza-copiii-a-blocat-activitatile-in-maternitati-si-sectiile-de-pediatrie","status":"publish","type":"post","link":"https:\/\/microscopemedia.com\/?p=665287","title":{"rendered":"Alert\u0103 \u00een Fran\u021ba. O epidemie care afecteaz\u0103 copiii a blocat activit\u0103\u021bile \u00een maternit\u0103\u021bi \u0219i sec\u021biile de pediatrie"},"content":{"rendered":"<div><img decoding=\"async\" src=\"https:\/\/microscopemedia.com\/wp-content\/uploads\/2025\/12\/alerta-in-franta-o-epidemie-care-afecteaza-copiii-a-blocat-activitatile-in-maternitati-si-sectiile-de-pediatrie.jpg\" class=\"ff-og-image-inserted\"><\/div>\n<p id=\"p-0\">Epidemia afecteaz\u0103 \u00eentreaga Fran\u021ba, dar problema cea mai mare este \u00een regiunea \u00cele-de-France. Zona se confrunt\u0103 cu a \u0219asea s\u0103pt\u0103m\u00e2n\u0103 de epidemie \u0219i autorit\u0103\u021bile au declarat \u201ealert\u0103 epidemic\u0103\u201d, potrivit unui comunicat de pres\u0103 emis de Agen\u021bia Regional\u0103 de S\u0103n\u0103tate (ARS) \u00cele-de-France pe 8 decembrie.<\/p>\n<p id=\"p-1\">Av\u00e2nd \u00een vedere c\u0103 serviciile de urgen\u021b\u0103 pediatric\u0103 din regiunea \u00cele-de-France sunt suprasolicitate, 16 bebelu\u0219i au fost transfera\u021bi \u00een spitale din regiunile \u00eenvecinate, a mai transmis ARS, conform <a href=\"https:\/\/sante.lefigaro.fr\/social\/sante-publique\/l-epidemie-de-bronchiolite-sature-les-hopitaux-franciliens-16-bebes-transferes-dans-d-autres-regions-20251208\" target=\"_blank\" rel=\"noopener\">Le Figaro<\/a>.<\/p>\n<h2 id=\"chapter-0\">Presiune \u00een departamentele de urgen\u021b\u0103 pediatric\u0103<\/h2>\n<p id=\"p-2\">Departamentele de urgen\u021b\u0103 pediatric\u0103 din regiunea \u00cele-de-France sunt pline.<\/p>\n<p id=\"p-3\">\u201eAvem 36 de paturi \u00een acest departament, iar toate cele 36 sunt ocupate\u201d, a declarat luni diminea\u021b\u0103, la Radio France un medic pediatru de la Spitalul Robert Debr\u00e9 din Paris, care are cel mai mare departament de pediatrie din regiunea \u00cele-de-France.<\/p>\n<p id=\"p-4\">\u00centre 24 \u0219i 30 noiembrie, num\u0103rul de vizite la camera de gard\u0103 pentru bron\u0219iolit\u0103 a crescut cu 7,4% pentru copiii sub 2 ani \u0219i chiar cu 9,7% pentru copiii sub 1 an, fa\u021b\u0103 de s\u0103pt\u0103m\u00e2na precedent\u0103. Cu toate acestea, situa\u021bia pare s\u0103 se fi stabilizat din 29 noiembrie, \u201eajung\u00e2nd la un nivel comparabil cu cele observate \u00een sezonul trecut\u201d, a ad\u0103ugat Agen\u021bia Regional\u0103 de S\u0103n\u0103tate (ARS) \u00cele-de-France,<\/p>\n<h2 id=\"chapter-1\">Probleme cu vaccinul<\/h2>\n<p id=\"p-5\">Iarna 2022-2023 a fost marcat\u0103 de o epidemie de bron\u0219iolit\u0103 foarte sever\u0103, camerele de gard\u0103 pediatric\u0103 din Fran\u021ba fiind asaltate de pacien\u021bi. Din septembrie 2023, un tratament preventiv este disponibil pentru copiii mici. Este vorba despre Beyfortus care este un vaccin prescris de pediatri. Acest tratament ac\u021bioneaz\u0103 ca un scut temporar \u00eempotriva virusului respirator, principala cauz\u0103 a bron\u0219iolitei.<\/p>\n<p id=\"p-6\">\u00cencep\u00e2nd cu 1 septembrie 2025, tratamentul este disponibil \u0219i \u00een maternitate. Cu toate acestea, pentru copiii n\u0103scu\u021bi \u00eenainte de aceast\u0103 dat\u0103, vaccinarea este \u00een continuare obligatorie la cabinetul pediatrului. Eficacitatea \u0219i siguran\u021ba tratamentului au fost confirmate de mai multe studii, iar acesta reduce riscul de spitalizare la terapie intensiv\u0103 cu 80%.<\/p>\n<p id=\"p-7\">\u00cen noiembrie anul trecut, Societatea Francez\u0103 de Pediatrie a avertizat c\u0103 mai pu\u021bin de jum\u0103tate dintre bebelu\u0219ii n\u0103scu\u021bi \u00eentre februarie \u0219i august erau proteja\u021bi \u00eempotriva bron\u0219iolitei.<\/p>\n","protected":false},"excerpt":{"rendered":"<p>Epidemia afecteaz\u0103 \u00eentreaga Fran\u021ba, dar problema cea mai mare este \u00een regiunea \u00cele-de-France. Zona se confrunt\u0103 cu a \u0219asea s\u0103pt\u0103m\u00e2n\u0103 de epidemie \u0219i autorit\u0103\u021bile au declarat \u201ealert\u0103 epidemic\u0103\u201d, potrivit unui &hellip; <a href=\"https:\/\/microscopemedia.com\/?p=665287\" class=\"more-link\">Read More<\/a><\/p>\n","protected":false},"author":1,"featured_media":665288,"comment_status":"closed","ping_status":"closed","sticky":false,"template":"Default","format":"standard","meta":[],"categories":[1],"tags":[],"_links":{"self":[{"href":"https:\/\/microscopemedia.com\/index.php?rest_route=\/wp\/v2\/posts\/665287"}],"collection":[{"href":"https:\/\/microscopemedia.com\/index.php?rest_route=\/wp\/v2\/posts"}],"about":[{"href":"https:\/\/microscopemedia.com\/index.php?rest_route=\/wp\/v2\/types\/post"}],"author":[{"embeddable":true,"href":"https:\/\/microscopemedia.com\/index.php?rest_route=\/wp\/v2\/users\/1"}],"replies":[{"embeddable":true,"href":"https:\/\/microscopemedia.com\/index.php?rest_route=%2Fwp%2Fv2%2Fcomments&post=665287"}],"version-history":[{"count":0,"href":"https:\/\/microscopemedia.com\/index.php?rest_route=\/wp\/v2\/posts\/665287\/revisions"}],"wp:featuredmedia":[{"embeddable":true,"href":"https:\/\/microscopemedia.com\/index.php?rest_route=\/wp\/v2\/media\/665288"}],"wp:attachment":[{"href":"https:\/\/microscopemedia.com\/index.php?rest_route=%2Fwp%2Fv2%2Fmedia&parent=665287"}],"wp:term":[{"taxonomy":"category","embeddable":true,"href":"https:\/\/microscopemedia.com\/index.php?rest_route=%2Fwp%2Fv2%2Fcategories&post=665287"},{"taxonomy":"post_tag","embeddable":true,"href":"https:\/\/microscopemedia.com\/index.php?rest_route=%2Fwp%2Fv2%2Ftags&post=665287"}],"curies":[{"name":"wp","href":"https:\/\/api.w.org\/{rel}","templated":true}]}}