{"id":665295,"date":"2025-12-08T19:36:03","date_gmt":"2025-12-08T19:36:03","guid":{"rendered":"https:\/\/microscopemedia.com\/?p=665295"},"modified":"2025-12-08T19:36:03","modified_gmt":"2025-12-08T19:36:03","slug":"nicusor-dan-despre-drona-prabusita-in-vaslui-intr-un-interviu-pentru-le-monde-nu-aveam-prea-multe-mijloace-de-aparare-terestra-in-acea-zona","status":"publish","type":"post","link":"https:\/\/microscopemedia.com\/?p=665295","title":{"rendered":"Nicu\u0219or Dan, despre drona pr\u0103bu\u0219it\u0103 \u00een Vaslui, \u00eentr-un interviu pentru Le Monde: Nu aveam prea multe mijloace de ap\u0103rare terestr\u0103 \u00een acea zon\u0103"},"content":{"rendered":"<div><img decoding=\"async\" src=\"https:\/\/microscopemedia.com\/wp-content\/uploads\/2025\/12\/nicusor-dan-despre-drona-prabusita-in-vaslui-intr-un-interviu-pentru-le-monde-nu-aveam-prea-multe-mijloace-de-aparare-terestra-in-acea-zona.jpg\" class=\"ff-og-image-inserted\"><\/div>\n<p id=\"p-0\">\u00centr-un interviu acordat ziarului francez Le Monde, pre\u0219edintele Nicu\u0219or Dan a vorbit despre incidentul produs \u00een 25 noiembrie, \u00een urma c\u0103ruia o dron\u0103 ruseasc\u0103 a tranzitat mai multe jude\u021be din Rom\u00e2nia f\u0103r\u0103 s\u0103 fie dobor\u00e2t\u0103 de avia\u021bia NATO, apoi s-a pr\u0103bu\u0219it \u00een jude\u021bul Vaslui.<\/p>\n<p id=\"p-1\">\u00centrebat de jurnali\u0219tii publica\u021biei de ce nu a fost dobor\u00e2t\u0103 drona care a zburat c\u00e2teva ore \u00een spa\u021biul aerian al \u021b\u0103rii, Nicu\u0219or Dan a subliniat c\u0103 direc\u021bia de zbor a acesteia a reprezentat o noutate.<\/p>\n<p id=\"p-2\">\u201e<strong>Suntem preg\u0103ti\u021bi pentru drone care vin din regiunea Odessa, dar aceasta a intrat mai la vest, dup\u0103 ce a survolat Moldova, ceea ce era o noutate<\/strong>\u201d, a spus Nicu\u0219or Dan pentru <span><a href=\"https:\/\/www.lemonde.fr\/international\/article\/2025\/12\/08\/nicusor-dan-president-roumain-en-roumanie-nous-n-avons-pas-de-vraie-politique-de-defense-face-a-la-desinformation_6656467_3210.html\" target=\"_blank\" rel=\"noopener\">Le Monde<\/a><\/span>.<\/p>\n<p id=\"p-3\">\u0218eful statului a mai recunoscut c\u0103 \u00een zona respectiv\u0103, pe unde a p\u0103truns drona, nu exist\u0103 multe mijloace de ap\u0103rare terestr\u0103.<\/p>\n<p id=\"p-4\">\u201e<strong>Nu aveam prea multe mijloace de ap\u0103rare terestr\u0103 \u00een acea zon\u0103, iar avioanele zboar\u0103 mult mai repede dec\u00e2t dronele, ceea ce face foarte dificil\u0103 dobor\u00e2rea lor.<\/strong> Tocmai am primit un nou sistem de la americani, dar trebuie s\u0103 adapt\u0103m radarele pentru a detecta obiecte care zboar\u0103 la altitudine foarte mic\u0103\u201d, a afirmat Nicu\u0219or Dan pentru sursa citat\u0103.<\/p>\n<h2 id=\"chapter-0\">25 noiembrie: Dron\u0103 ruseasc\u0103 g\u0103sit\u0103 \u00een Vaslui. A c\u0103zut \u00een curtea unui localnic<\/h2>\n<p id=\"p-5\">\u00cen data de 25 noiembrie, <span><a href=\"https:\/\/www.mediafax.ro\/social\/drona-ruseasca-gasita-in-vaslui-drone-rusesti-au-intrat-in-romania-pentru-prima-data-pe-timp-de-zi-mapn-pilotii-au-avut-autorizare-de-a-angaja-tinta-aeriana-update-o-drona-a-cazu-23647548\">o dron\u0103 a p\u0103truns<\/a><\/span> \u00een spa\u021biul aerian al Rom\u00e2niei. Au fost emise mesaje RO-Alert pentru jude\u021bul Gala\u021bi \u0219i, \u00een premier\u0103, \u0219i pentru jude\u021bul Vrancea. Pilo\u021bii au avut autorizare \u201ede a angaja \u021binta aerian\u0103\u201d, spunea purt\u0103torul de cuv\u00e2nt al MApN, Corneliu Pavel.<\/p>\n<p id=\"p-6\">Fostul ministru al Ap\u0103r\u0103rii, <span><a href=\"https:\/\/www.mediafax.ro\/stirile-zilei\/mosteanu-despre-interventia-in-cazul-dronei-mi-as-fi-dorit-sa-o-dea-jos-evident-a-cazut-singura-23647698\">Ionu\u021b Mo\u0219teanu<\/a><\/span>, declara la momentul respectiv c\u0103 drona \u201eputea fi distrus\u0103 dac\u0103 se \u00eentruneau toate condi\u021biile pentru a\u2026 pilo\u021bii trebuiau s\u0103 vad\u0103, s\u0103 angajeze, s\u0103 blocheze pe radar \u0219i s\u0103 poat\u0103 trag\u0103 \u00een ea cu o rachet\u0103. (\u2026) Iat\u0103 c\u0103 n-au reu\u0219it, din nou. Mi-a\u0219 fi dorit s\u0103 o dea jos, evident. \u0218i d\u00e2n\u0219ii cu siguran\u021b\u0103 \u0219i-ar fi dorit s\u0103 o poat\u0103 da jos, \u00een siguran\u021b\u0103\u201d, a spus acesta.<\/p>\n","protected":false},"excerpt":{"rendered":"<p>\u00centr-un interviu acordat ziarului francez Le Monde, pre\u0219edintele Nicu\u0219or Dan a vorbit despre incidentul produs \u00een 25 noiembrie, \u00een urma c\u0103ruia o dron\u0103 ruseasc\u0103 a tranzitat mai multe jude\u021be din &hellip; <a href=\"https:\/\/microscopemedia.com\/?p=665295\" class=\"more-link\">Read More<\/a><\/p>\n","protected":false},"author":1,"featured_media":665296,"comment_status":"closed","ping_status":"closed","sticky":false,"template":"Default","format":"standard","meta":[],"categories":[1],"tags":[],"_links":{"self":[{"href":"https:\/\/microscopemedia.com\/index.php?rest_route=\/wp\/v2\/posts\/665295"}],"collection":[{"href":"https:\/\/microscopemedia.com\/index.php?rest_route=\/wp\/v2\/posts"}],"about":[{"href":"https:\/\/microscopemedia.com\/index.php?rest_route=\/wp\/v2\/types\/post"}],"author":[{"embeddable":true,"href":"https:\/\/microscopemedia.com\/index.php?rest_route=\/wp\/v2\/users\/1"}],"replies":[{"embeddable":true,"href":"https:\/\/microscopemedia.com\/index.php?rest_route=%2Fwp%2Fv2%2Fcomments&post=665295"}],"version-history":[{"count":0,"href":"https:\/\/microscopemedia.com\/index.php?rest_route=\/wp\/v2\/posts\/665295\/revisions"}],"wp:featuredmedia":[{"embeddable":true,"href":"https:\/\/microscopemedia.com\/index.php?rest_route=\/wp\/v2\/media\/665296"}],"wp:attachment":[{"href":"https:\/\/microscopemedia.com\/index.php?rest_route=%2Fwp%2Fv2%2Fmedia&parent=665295"}],"wp:term":[{"taxonomy":"category","embeddable":true,"href":"https:\/\/microscopemedia.com\/index.php?rest_route=%2Fwp%2Fv2%2Fcategories&post=665295"},{"taxonomy":"post_tag","embeddable":true,"href":"https:\/\/microscopemedia.com\/index.php?rest_route=%2Fwp%2Fv2%2Ftags&post=665295"}],"curies":[{"name":"wp","href":"https:\/\/api.w.org\/{rel}","templated":true}]}}